{"id":652316,"date":"2026-01-09T19:06:19","date_gmt":"2026-01-09T19:06:19","guid":{"rendered":"https:\/\/www.europesays.com\/fr\/652316\/"},"modified":"2026-01-09T19:06:19","modified_gmt":"2026-01-09T19:06:19","slug":"ce-pole-performance-prend-les-relais-des-etats-unis","status":"publish","type":"post","link":"https:\/\/www.europesays.com\/fr\/652316\/","title":{"rendered":"\u00ab\u00a0Ce p\u00f4le performance prend les relais des \u00c9tats-Unis\u00a0\u00bb"},"content":{"rendered":"<p>Quand les paris de Miami se sont taris, s\u2019est pos\u00e9e la question de \u00ab\u00a0savoir ce que l\u2019on faisait\u00a0\u00bb de ces espoirs locaux, en mal de cadre et de continuit\u00e9, malgr&#8230;<\/p>\n<p>Quand les paris de Miami se sont taris, s\u2019est pos\u00e9e la question de \u00ab\u00a0savoir ce que l\u2019on faisait\u00a0\u00bb de ces espoirs locaux, en mal de cadre et de continuit\u00e9, malgr\u00e9 la cr\u00e9ation de nouvelles comp\u00e9titions de part et d\u2019autre de la fronti\u00e8re. Place forte de la sp\u00e9cialit\u00e9 de pelote basque, Saint-Jean-de-Luz a alors d\u00e9cid\u00e9 de monter un p\u00f4le performance dans son jai alai, en lien avec le club Luzean (lire par ailleurs). \u00ab\u00a0On peut consid\u00e9rer qu\u2019il prend le relais des \u00c9tats-Unis\u00a0\u00bb, valide le l\u00e9gendaire arri\u00e8re, retrait\u00e9 depuis 2022.<\/p>\n<p>C\u2019\u00e9tait fin 2024. \u00c0 l\u2019\u00e9poque de ce lancement, la structure plac\u00e9e sous l\u2019\u00e9gide de Saint-Jean-de-Luz animations, organisateur des Internationaux estivaux de cesta punta, avait communiqu\u00e9 de mani\u00e8re minimaliste. Un peu plus d\u2019un an apr\u00e8s ces d\u00e9buts plut\u00f4t discrets, toutes les parties prenantes du projet \u00e9taient r\u00e9unies ce vendredi 9\u00a0janvier en mairie, du premier \u00e9dile Jean-Fran\u00e7ois Irigoyen au pr\u00e9sident de la F\u00e9d\u00e9ration fran\u00e7aise de pelote basque (FFPB) Lilou Echeverria, en passant bien s\u00fbr par les intervenants, notamment deux des trois entra\u00eeneurs, Philippe Etcheberry et \u00c9ric Irastorza, normalement escort\u00e9s de Danny Erdocio.<\/p>\n<p>        <img decoding=\"async\" id=\"27353981\" src=\"https:\/\/www.europesays.com\/fr\/wp-content\/uploads\/2026\/01\/img-20260109-120845.jpg\" alt=\"Toutes les parties prenantes du projet \u00e9taient pr\u00e9sentes en mairie ce vendredi 9\u00a0janvier.\" itemprop=\"contentURL\"\/><\/p>\n<p>    Toutes les parties prenantes du projet \u00e9taient pr\u00e9sentes en mairie ce vendredi 9\u00a0janvier.<\/p>\n<p>P.\u00a0M.<\/p>\n<p>    \u00ab\u00a0Une chance incroyable\u00a0\u00bb<\/p>\n<p>Ludovic Laduche \u00e9tait \u00e9galement pr\u00e9sent. Le puntiste de Gu\u00e9thary, l\u2019un des trois \u00e0 pouvoir vivre de ce sport au nord des Pyr\u00e9n\u00e9es, figure parmi les dix pilotaris du p\u00f4le. \u00c0\u00a031\u00a0ans, il y fait figure de grand fr\u00e8re aux c\u00f4t\u00e9s de Thibault Basque et Jon Tambourindeguy (1).<\/p>\n<p>Il a confirm\u00e9 tout le bien qu\u2019il pensait de l\u2019initiative\u00a0: \u00ab\u00a0Quand on est envoy\u00e9 dans le monde professionnel, on doit se d\u00e9brouiller tout seul pour pratiquement tout. Il y a dix ans, j\u2019aurais r\u00eav\u00e9 d\u2019avoir ce p\u00f4le. C\u2019est une chance incroyable pour les joueurs de 18-20\u00a0ans\u00a0\u00bb. Comme d\u2019autres, lui s\u2019est \u00ab\u00a0forg\u00e9\u00a0\u00bb en solo. Aussi s\u2019emploie-t-il surtout \u00e0 tirer le groupe vers le haut\u00a0: \u00ab\u00a0Avec Thibault et Jon, on essaie d\u2019amener de la qualit\u00e9 aux entra\u00eenements (deux par semaine et une s\u00e9ance collective de physique, NDLR)\u00a0\u00bb.<\/p>\n<p>Soutien psychologique et datas<\/p>\n<p>Mais pas que, puisqu\u2019il profite \u00e9galement de l\u2019accompagnement multiniveaux propos\u00e9\u00a0: \u00ab\u00a0La pr\u00e9paration mentale par exemple. C\u2019est quelque chose que je n\u2019avais pas mis dans l\u2019\u00e9quation. Et je suis agr\u00e9ablement surpris\u00a0\u00bb. Ce soutien psychologique, l\u2019une des valeurs ajout\u00e9e du centre, est r\u00e9alis\u00e9 par Deborah Leconte. Elle n\u2019est pas issue du monde de la cesta, ce qui lui permet de \u00ab\u00a0poser un regard neuf\u00a0\u00bb sur une pratique \u00ab\u00a0tr\u00e8s exigeante pour les joueurs, plus que d\u2019autres\u00a0\u00bb. Elle a identifi\u00e9 des \u00ab\u00a0fonctionnements un peu masculins\u00a0\u00bb, notamment dans la faible communication entre partenaires, qu\u2019elle s\u2019applique \u00e0 diminuer.<\/p>\n<p>Une autre femme am\u00e8ne son expertise\u00a0: Corinne Elissalde, \u00e0 la \u00ab\u00a0data vid\u00e9o\u00a0\u00bb. Elle exploite l\u2019outil AIA Sport, d\u00e9velopp\u00e9 par l\u2019ancien rugbyman international Thomas Li\u00e8vremont, pour proposer des analyses vid\u00e9os aux joueurs et \u00e0 leurs coachs. Le logiciel a \u00e9t\u00e9 acquis par la FFPB. \u00ab\u00a0J\u2019ai aussi fait en sorte que le p\u00f4le soit reconnu, ajoute son patron Lilou Echeverria. Les dix joueurs font partie de la liste minist\u00e9rielle des sportifs de haut niveau, ce qui leur permet de profiter d\u2019avantages\u00a0\u00bb. Un suivi m\u00e9dical pouss\u00e9 et individualis\u00e9 est enfin assur\u00e9 par Marc-Andr\u00e9 Dommergue du CEERS Basque de Bassussarry.<\/p>\n<blockquote><p>Si on veut faire perdurer le syst\u00e8me, il faudra plus de budget<\/p><\/blockquote>\n<p>Pour aller plus loin dans le perfectionnement, le p\u00f4le a aussi annonc\u00e9 avoir conclu un partenariat avec la structure Eraman de l\u2019ancien champion basque espagnol I\u00f1aki Goikoetxea. Le p\u00f4le n\u2019a pas pour autant vocation \u00e0 devenir l\u2019unique centre de performance de la r\u00e9gion. Biarritz et Pau pourraient suivre. D\u2019autant que le pr\u00e9curseur luzien est au seuil de ses possibilit\u00e9s\u00a0: \u00ab\u00a0Il est financ\u00e9 par les Internationaux, billetterie et partenaires, \u00e0 hauteur de 15\u00a0000\u00a0euros. Beaucoup de gens participent b\u00e9n\u00e9volement, par amour de la pelote. Mais si on veut faire perdurer le syst\u00e8me, il faudra plus de budget\u00a0\u00bb, se projette Fr\u00e9d\u00e9ric Cadet.<\/p>\n<p>(1) Les autres sont\u00a0: Charles Bonnin, Gaizka Garat, Emeric Libois, Paul Caparrus, Th\u00e9o Laborde, Guillen Oyhenard, Zugaitz Sallaberry.<\/p>\n","protected":false},"excerpt":{"rendered":"Quand les paris de Miami se sont taris, s\u2019est pos\u00e9e la question de \u00ab\u00a0savoir ce que l\u2019on faisait\u00a0\u00bb&hellip;\n","protected":false},"author":2,"featured_media":652317,"comment_status":"","ping_status":"","sticky":false,"template":"","format":"standard","meta":{"footnotes":""},"categories":[1589],"tags":[11,73,1866,12,1864,1865,1863,308],"class_list":{"0":"post-652316","1":"post","2":"type-post","3":"status-publish","4":"format-standard","5":"has-post-thumbnail","7":"category-etats-unis","8":"tag-actualites","9":"tag-etats-unis","10":"tag-etats-unis-damerique","11":"tag-news","12":"tag-united-states","13":"tag-united-states-of-america","14":"tag-us","15":"tag-usa"},"share_on_mastodon":{"url":"https:\/\/pubeurope.com\/@fr\/115866709911681985","error":""},"_links":{"self":[{"href":"https:\/\/www.europesays.com\/fr\/wp-json\/wp\/v2\/posts\/652316","targetHints":{"allow":["GET"]}}],"collection":[{"href":"https:\/\/www.europesays.com\/fr\/wp-json\/wp\/v2\/posts"}],"about":[{"href":"https:\/\/www.europesays.com\/fr\/wp-json\/wp\/v2\/types\/post"}],"author":[{"embeddable":true,"href":"https:\/\/www.europesays.com\/fr\/wp-json\/wp\/v2\/users\/2"}],"replies":[{"embeddable":true,"href":"https:\/\/www.europesays.com\/fr\/wp-json\/wp\/v2\/comments?post=652316"}],"version-history":[{"count":0,"href":"https:\/\/www.europesays.com\/fr\/wp-json\/wp\/v2\/posts\/652316\/revisions"}],"wp:featuredmedia":[{"embeddable":true,"href":"https:\/\/www.europesays.com\/fr\/wp-json\/wp\/v2\/media\/652317"}],"wp:attachment":[{"href":"https:\/\/www.europesays.com\/fr\/wp-json\/wp\/v2\/media?parent=652316"}],"wp:term":[{"taxonomy":"category","embeddable":true,"href":"https:\/\/www.europesays.com\/fr\/wp-json\/wp\/v2\/categories?post=652316"},{"taxonomy":"post_tag","embeddable":true,"href":"https:\/\/www.europesays.com\/fr\/wp-json\/wp\/v2\/tags?post=652316"}],"curies":[{"name":"wp","href":"https:\/\/api.w.org\/{rel}","templated":true}]}}