{"id":652318,"date":"2026-01-09T19:07:14","date_gmt":"2026-01-09T19:07:14","guid":{"rendered":"https:\/\/www.europesays.com\/fr\/652318\/"},"modified":"2026-01-09T19:07:14","modified_gmt":"2026-01-09T19:07:14","slug":"le-retour-du-prince-harry-au-royaume-uni-ravive-une-fracture-que-personne-nose-nommer","status":"publish","type":"post","link":"https:\/\/www.europesays.com\/fr\/652318\/","title":{"rendered":"Le retour du prince Harry au Royaume-Uni ravive une fracture que personne n\u2019ose nommer"},"content":{"rendered":"<p data-start=\"524\" data-end=\"955\">Le retour du <strong data-start=\"537\" data-end=\"578\">Prince Harry<\/strong> au Royaume-Uni ne passe jamais inaper\u00e7u. \u00c0 peine annonc\u00e9, il suscite une vague d\u2019\u00e9motions contradictoires, m\u00ealant curiosit\u00e9, espoir et malaise. Pour beaucoup, ce d\u00e9placement r\u00e9active une question rest\u00e9e sans r\u00e9ponse depuis des ann\u00e9es\u00a0: o\u00f9 en est r\u00e9ellement la relation entre le duc de Sussex et sa famille, et surtout avec son p\u00e8re, <strong data-start=\"912\" data-end=\"953\">Charles III<\/strong>\u00a0?<\/p>\n<p data-start=\"524\" data-end=\"955\"><img decoding=\"async\" src=\"https:\/\/www.europesays.com\/fr\/wp-content\/uploads\/2026\/01\/prince-harry-blanchi-harcelement-ong-sentebale-charity-commission.jpg\" alt=\"Le retour du prince Harry au Royaume-Uni ravive une fracture que personne n\u2019ose nommer\"\/><\/p>\n<p data-start=\"957\" data-end=\"1369\">Dans l\u2019esprit du grand public, un retour au pays rime naturellement avec retrouvailles. Pourtant, la r\u00e9alit\u00e9 appara\u00eet bien plus froide. Ce s\u00e9jour britannique s\u2019inscrit dans un cadre strict, loin de toute spontan\u00e9it\u00e9 familiale. Aucun signe public de rapprochement, aucun indice laissant penser \u00e0 un moment partag\u00e9, m\u00eame discret. Le silence qui entoure cette venue est presque plus frappant que le voyage lui-m\u00eame.<\/p>\n<p data-start=\"1371\" data-end=\"1774\">Cette distance persistante rappelle combien la rupture a laiss\u00e9 des traces profondes. Depuis son d\u00e9part, le <strong data-start=\"1479\" data-end=\"1495\">prince Harry<\/strong> a racont\u00e9 son histoire, livr\u00e9 sa version des faits, expos\u00e9 ses blessures. Ces prises de parole ont touch\u00e9 certains, d\u00e9rang\u00e9 d\u2019autres, mais elles ont surtout fig\u00e9 les relations dans une posture d\u00e9licate. Revenir aujourd\u2019hui ne suffit pas \u00e0 effacer ce pass\u00e9 r\u00e9cent encore br\u00fblant.<\/p>\n<p data-start=\"1776\" data-end=\"2105\">Le contexte joue \u00e9galement un r\u00f4le central. Chaque apparition de Harry au Royaume-Uni est d\u00e9sormais analys\u00e9e sous un prisme institutionnel. Le moindre geste peut \u00eatre interpr\u00e9t\u00e9, amplifi\u00e9, d\u00e9tourn\u00e9. Dans cet environnement, la prudence devient une n\u00e9cessit\u00e9, quitte \u00e0 donner l\u2019image d\u2019une famille fig\u00e9e, incapable de se retrouver.<\/p>\n<p data-start=\"2107\" data-end=\"2464\">Ce retour agit ainsi comme un miroir cruel. Il met en lumi\u00e8re une fracture que personne ne commente officiellement mais que chacun ressent. Le fils est l\u00e0, le p\u00e8re aussi, mais leurs trajectoires semblent \u00e9voluer sur des lignes parall\u00e8les. Une situation qui alimente le sentiment que, malgr\u00e9 la proximit\u00e9 g\u00e9ographique, la distance \u00e9motionnelle reste immense.<\/p>\n<p data-start=\"2107\" data-end=\"2464\"><strong>Lire aussi\u00a0:\u00a0<a href=\"https:\/\/sobusygirls.fr\/2026\/01\/05\/meghan-et-harry-ces-demissions-successives-qui-font-planer-le-doute-sur-lavenir-des-sussex\/\" target=\"_blank\" title=\"meghan-et-harry-ces-demissions-successives-qui-font-planer-le-doute-sur-lavenir-des-sussex\" rel=\"noopener\">Meghan et Harry\u00a0: ces d\u00e9missions successives qui font planer le doute sur l\u2019avenir des Sussex<\/a>\u00a0et\u00a0<a href=\"https:\/\/sobusygirls.fr\/2025\/12\/05\/meghan-markle-milliardaire-nouveau-projet-idee-reve-reussite\/\" target=\"_blank\" title=\"meghan-markle-milliardaire-nouveau-projet-idee-reve-reussite\" rel=\"noopener\">L\u2019ambition folle de Meghan Markle\u00a0: elle r\u00eave de devenir milliardaire et pr\u00e9pare un projet colossal pour y arriver<\/a><\/strong><\/p>\n","protected":false},"excerpt":{"rendered":"Le retour du Prince Harry au Royaume-Uni ne passe jamais inaper\u00e7u. \u00c0 peine annonc\u00e9, il suscite une vague&hellip;\n","protected":false},"author":2,"featured_media":652319,"comment_status":"","ping_status":"","sticky":false,"template":"","format":"standard","meta":{"footnotes":""},"categories":[1588],"tags":[11,1777,674,12,473,1853,1851,1850,1852],"class_list":{"0":"post-652318","1":"post","2":"type-post","3":"status-publish","4":"format-standard","5":"has-post-thumbnail","7":"category-royaume-uni","8":"tag-actualites","9":"tag-eu","10":"tag-europe","11":"tag-news","12":"tag-royaume-uni","13":"tag-royaume-uni-de-grande-bretagne-et-dirlande-du-nord","14":"tag-uk","15":"tag-united-kingdom","16":"tag-united-kingdom-of-great-britain-and-northern-ireland"},"share_on_mastodon":{"url":"https:\/\/pubeurope.com\/@fr\/115866713764288821","error":""},"_links":{"self":[{"href":"https:\/\/www.europesays.com\/fr\/wp-json\/wp\/v2\/posts\/652318","targetHints":{"allow":["GET"]}}],"collection":[{"href":"https:\/\/www.europesays.com\/fr\/wp-json\/wp\/v2\/posts"}],"about":[{"href":"https:\/\/www.europesays.com\/fr\/wp-json\/wp\/v2\/types\/post"}],"author":[{"embeddable":true,"href":"https:\/\/www.europesays.com\/fr\/wp-json\/wp\/v2\/users\/2"}],"replies":[{"embeddable":true,"href":"https:\/\/www.europesays.com\/fr\/wp-json\/wp\/v2\/comments?post=652318"}],"version-history":[{"count":0,"href":"https:\/\/www.europesays.com\/fr\/wp-json\/wp\/v2\/posts\/652318\/revisions"}],"wp:featuredmedia":[{"embeddable":true,"href":"https:\/\/www.europesays.com\/fr\/wp-json\/wp\/v2\/media\/652319"}],"wp:attachment":[{"href":"https:\/\/www.europesays.com\/fr\/wp-json\/wp\/v2\/media?parent=652318"}],"wp:term":[{"taxonomy":"category","embeddable":true,"href":"https:\/\/www.europesays.com\/fr\/wp-json\/wp\/v2\/categories?post=652318"},{"taxonomy":"post_tag","embeddable":true,"href":"https:\/\/www.europesays.com\/fr\/wp-json\/wp\/v2\/tags?post=652318"}],"curies":[{"name":"wp","href":"https:\/\/api.w.org\/{rel}","templated":true}]}}