{"id":652320,"date":"2026-01-09T19:08:14","date_gmt":"2026-01-09T19:08:14","guid":{"rendered":"https:\/\/www.europesays.com\/fr\/652320\/"},"modified":"2026-01-09T19:08:14","modified_gmt":"2026-01-09T19:08:14","slug":"lallemagne-sinstallera-en-caroline-du-nord","status":"publish","type":"post","link":"https:\/\/www.europesays.com\/fr\/652320\/","title":{"rendered":"l&rsquo;Allemagne s\u2019installera en Caroline du Nord"},"content":{"rendered":"<p>\n    La s\u00e9lection allemande posera ses valises \u00e0 Winston-Salem pour disputer la comp\u00e9tition.<\/p>\n<p class=\"fig-paragraph\">L&rsquo;Allemagne, quadruple championne du monde (1954, 1974, 1990 et 2014), sera bas\u00e9e \u00e0 Winston-Salem en Caroline du Nord pour la Coupe du monde 2026 (11 juin-19 juillet), a annonc\u00e9 vendredi la F\u00e9d\u00e9ration allemande (DFB) dans un communiqu\u00e9.<\/p>\n<p class=\"fig-paragraph\">La Mannschaft logera au Graylyn Estate et s&rsquo;entra\u00eenera sur les terrains de la Wake Forest University, \u00e0 2 kilom\u00e8tres, a expliqu\u00e9 la DFB.<\/p>\n<p>                                            <a class=\"fig-a11y-skip\" href=\"#fig-a11y-skip-main-inarticle\" data-module=\"a11y-skip\" data-context=\"was @visible\"><br \/>\n    Passer la publicit\u00e9<br \/>\n<\/a>            <\/p>\n<p class=\"fig-paragraph\">\u00abLe plus important, c&rsquo;est la proximit\u00e9 des terrains. Ici, nous disposons de trois terrains de football en tr\u00e8s, tr\u00e8s bon \u00e9tat, qui r\u00e9pondent \u00e0 toutes les exigences que nous posons sur le plan sportif. Et nous pouvons y acc\u00e9der \u00e0 pied ou \u00e0 v\u00e9lo en moins de dix minutes. C&rsquo;est un facteur d\u00e9cisif\u00bb, a soulign\u00e9 le s\u00e9lectionneur Julian Nagelsmann, cit\u00e9 dans le communiqu\u00e9.<\/p>\n<p class=\"fig-paragraph\">Les Allemands joueront deux matches amicaux en mars, contre la Suisse \u00e0 B\u00e2le (le 27) puis contre le Ghana \u00e0 Stuttgart (le 30).<\/p>\n<p class=\"fig-paragraph\">Apr\u00e8s l&rsquo;annonce courant mai de la liste des joueurs retenus pour le Mondial, l&rsquo;Allemagne affrontera la Finlande le 31 mai \u00e0 Mayence, avant de s&rsquo;envoler pour les Etats-Unis le 2 juin.<\/p>\n<p class=\"fig-paragraph\">Un dernier match de pr\u00e9paration est pr\u00e9vu \u00e0 Chicago contre les \u00c9tats-Unis le 6 juin (18h30 GMT, 13h30 locales), avant que les Allemands ne prennent dans la foul\u00e9e leurs quartiers \u00e0 Winston-Salem.<\/p>\n<p>                                            Des matches \u00e0 Houston, Toronto et dans le New Jersey<\/p>\n<p class=\"fig-paragraph\">Plac\u00e9s dans le groupe E, les joueurs de Julian Nagelsmann disputeront leur trois premiers matches du 1er tour \u00e0 Houston (Texas) contre Cura\u00e7ao (14 juin), \u00e0 Toronto (Canada) contre la C\u00f4te d&rsquo;Ivoire (20 juin), et \u00e0 East Rutherford (New Jersey) en p\u00e9riph\u00e9rie de New York contre l&rsquo;Equateur (25 juin).<\/p>\n<p>                                            <a class=\"fig-a11y-skip\" href=\"#fig-a11y-skip-main-inarticle_mtf\" data-module=\"a11y-skip\" data-context=\"was @visible\"><br \/>\n    Passer la publicit\u00e9<br \/>\n<\/a>            <\/p>\n<p class=\"fig-paragraph\">\u00c9limin\u00e9e d\u00e8s le premier tour des Coupes du monde 2018 en Russie (alors qu&rsquo;elle \u00e9tait tenante du titre) et 2022 au Qatar, l&rsquo;Allemagne n&rsquo;a plus atteint le dernier carr\u00e9 d&rsquo;un Euro ou d&rsquo;un Mondial depuis 2016 (d\u00e9faite 2-0 en demi-finale contre la France).<\/p>\n<p class=\"fig-paragraph\">Quart de finaliste de l&rsquo;Euro-2024 \u00e0 domicile (d\u00e9faite 2-1 apr\u00e8s prolongation contre l&rsquo;Espagne, future laur\u00e9ate) et 4e de la Ligue des nations europ\u00e9enne 2025, l&rsquo;Allemagne a assur\u00e9 sa place pour la phase finale du Mondial-2026 lors de la derni\u00e8re journ\u00e9e des qualifications, avec une victoire 6 \u00e0 0 contre la Slovaquie.<\/p>\n","protected":false},"excerpt":{"rendered":"La s\u00e9lection allemande posera ses valises \u00e0 Winston-Salem pour disputer la comp\u00e9tition. L&rsquo;Allemagne, quadruple championne du monde (1954,&hellip;\n","protected":false},"author":2,"featured_media":652321,"comment_status":"","ping_status":"","sticky":false,"template":"","format":"standard","meta":{"footnotes":""},"categories":[1587],"tags":[11,672,1804,1805,1803,1777,674,1801,12,1802],"class_list":{"0":"post-652320","1":"post","2":"type-post","3":"status-publish","4":"format-standard","5":"has-post-thumbnail","7":"category-allemagne","8":"tag-actualites","9":"tag-allemagne","10":"tag-bundesrepublik-deutschland","11":"tag-de","12":"tag-deutschland","13":"tag-eu","14":"tag-europe","15":"tag-germany","16":"tag-news","17":"tag-republique-federale-dallemagne"},"share_on_mastodon":{"url":"https:\/\/pubeurope.com\/@fr\/115866717679207809","error":""},"_links":{"self":[{"href":"https:\/\/www.europesays.com\/fr\/wp-json\/wp\/v2\/posts\/652320","targetHints":{"allow":["GET"]}}],"collection":[{"href":"https:\/\/www.europesays.com\/fr\/wp-json\/wp\/v2\/posts"}],"about":[{"href":"https:\/\/www.europesays.com\/fr\/wp-json\/wp\/v2\/types\/post"}],"author":[{"embeddable":true,"href":"https:\/\/www.europesays.com\/fr\/wp-json\/wp\/v2\/users\/2"}],"replies":[{"embeddable":true,"href":"https:\/\/www.europesays.com\/fr\/wp-json\/wp\/v2\/comments?post=652320"}],"version-history":[{"count":0,"href":"https:\/\/www.europesays.com\/fr\/wp-json\/wp\/v2\/posts\/652320\/revisions"}],"wp:featuredmedia":[{"embeddable":true,"href":"https:\/\/www.europesays.com\/fr\/wp-json\/wp\/v2\/media\/652321"}],"wp:attachment":[{"href":"https:\/\/www.europesays.com\/fr\/wp-json\/wp\/v2\/media?parent=652320"}],"wp:term":[{"taxonomy":"category","embeddable":true,"href":"https:\/\/www.europesays.com\/fr\/wp-json\/wp\/v2\/categories?post=652320"},{"taxonomy":"post_tag","embeddable":true,"href":"https:\/\/www.europesays.com\/fr\/wp-json\/wp\/v2\/tags?post=652320"}],"curies":[{"name":"wp","href":"https:\/\/api.w.org\/{rel}","templated":true}]}}