{"id":652322,"date":"2026-01-09T19:09:12","date_gmt":"2026-01-09T19:09:12","guid":{"rendered":"https:\/\/www.europesays.com\/fr\/652322\/"},"modified":"2026-01-09T19:09:12","modified_gmt":"2026-01-09T19:09:12","slug":"tempete-goretti-vents-violents-et-chutes-de-neige-dans-toute-leurope-un-mort-en-espagne","status":"publish","type":"post","link":"https:\/\/www.europesays.com\/fr\/652322\/","title":{"rendered":"Temp\u00eate Goretti : vents violents et chutes de neige dans toute l&rsquo;Europe, un mort en Espagne"},"content":{"rendered":"<p>La temp\u00eate Goretti continuer de balayer l&rsquo;Europe avec de puissants rafales de vents, de la pluie et de nouvelles chutes de neige. <\/p>\n<p>En France, environ 380 000 foyers ont \u00e9t\u00e9 priv\u00e9s d\u2019\u00e9lectricit\u00e9 pendant plusieurs heures, la plupart dans le nord de la Normandie, a indiqu\u00e9 le fournisseur d&rsquo;\u00e9nergie Enedis. Au cours de la nuit, des rafales atteignant 216 kilom\u00e8tres par heure ont \u00e9t\u00e9 enregistr\u00e9es dans le nord-ouest de la Manche, selon les autorit\u00e9s.<\/p>\n<p>Un arbre s&rsquo;est \u00e9cras\u00e9 sur des b\u00e2timents r\u00e9sidentiels en Seine-Maritime, sans faire de bless\u00e9s, selon les autorit\u00e9s. Les \u00e9coles sont rest\u00e9es ferm\u00e9es dans certaines parties du nord de la France, o\u00f9 des alertes m\u00e9t\u00e9orologiques ont \u00e9t\u00e9 \u00e9mises dans 30 autres r\u00e9gions.<\/p>\n<p>Le Met Office, le service m\u00e9t\u00e9orologique national britannique, a \u00e9mis une alerte rouge, la plus \u00e9lev\u00e9e, dans tout le sud-ouest de l&rsquo;Angleterre. Les autorit\u00e9s locales ont signal\u00e9 des routes bloqu\u00e9es, des b\u00e2timents instables ainsi que des coupures de courant et d\u2019eau. Selon National Grid, qui g\u00e8re le r\u00e9seau \u00e9nerg\u00e9tique du pays, plus de 57 000 personnes \u00e9taient priv\u00e9es d&rsquo;\u00e9lectricit\u00e9 dans le sud-ouest de l&rsquo;Angleterre, les Midlands et le Pays de Galles.<\/p>\n<p>Les intemp\u00e9ries ont fait une premi\u00e8re victime \u00e0 San Sebasti\u00e1n, en Espagne. Dans cette ville plac\u00e9e en alerte orange en raison de la violence des vents, un homme a \u00e9t\u00e9 retrouv\u00e9 mort, tomb\u00e9 dans l\u2019oc\u00e9an.<\/p>\n<p>A l\u2019est, l&rsquo;Allemagne, le Danemark et la R\u00e9publique tch\u00e8que ont d\u00fb faire face \u00e0 des complications caus\u00e9es par la neige.<\/p>\n<p>En Allemagne, match de football de la Bundesliga allemande qui devait opposer Leipzig \u00e0 St Pauli samedi a \u00e9t\u00e9 annul\u00e9 en raison des fortes chutes de neige, et d&rsquo;autres matchs sont incertains. Le club de Sankt Pauli, situ\u00e9 \u00e0 Hambourg, dans le nord de l&rsquo;Allemagne, a d\u00e9clar\u00e9 qu&rsquo;il avait \u00ab\u00a0fait tout ce qui \u00e9tait en son pouvoir pour que le match puisse se d\u00e9rouler en toute s\u00e9curit\u00e9\u00a0\u00bb, mais que cela n&rsquo;avait pas \u00e9t\u00e9 possible.<\/p>\n<p>Malgr\u00e9 plusieurs jours d&rsquo;efforts de d\u00e9neigement, les difficult\u00e9s \u00e0 enlever la neige du toit du stade \u00e9taient particuli\u00e8rement pr\u00e9occupantes, a d\u00e9clar\u00e9 Sankt Pauli. Le club a ajout\u00e9 qu&rsquo;il avait \u00e9t\u00e9 inform\u00e9 que l&rsquo;annulation du match pourrait all\u00e9ger la charge des services d&rsquo;urgence, du r\u00e9seau de transport et du syst\u00e8me de sant\u00e9.<\/p>\n<p><strong>Les inondations se r\u00e9sorbent<\/strong><\/p>\n<p>600 \u00e9coles ont \u00e9t\u00e9 ferm\u00e9es en Moldavie jusqu&rsquo;\u00e0 lundi prochain et environ 1 000 foyers ont \u00e9t\u00e9 priv\u00e9s d&rsquo;\u00e9lectricit\u00e9 en Roumanie. Entre-temps, les eaux de crue se sont retir\u00e9es dans certaines parties des Balkans vendredi, apr\u00e8s que de fortes chutes de neige et des pluies torrentielles eurent d\u00e9clench\u00e9 des centaines d&rsquo;\u00e9vacuations dans plusieurs pays et tu\u00e9 au moins deux personnes.<\/p>\n<p>En Albanie, l&rsquo;un des pays les plus touch\u00e9s de la r\u00e9gion, le Premier ministre Edi Rama a d\u00e9clar\u00e9 que les autorit\u00e9s commen\u00e7aient \u00e0 calculer le co\u00fbt des inondations apr\u00e8s que des centaines de maisons ont \u00e9t\u00e9 inond\u00e9es, principalement dans le sud du pays.<\/p>\n<p>Mais les alertes m\u00e9t\u00e9orologiques concernant le verglas et les chutes de neige sont rest\u00e9es en vigueur dans la majeure partie de la r\u00e9gion, y compris en Serbie, o\u00f9 certaines parties de l&rsquo;ouest sont priv\u00e9es d&rsquo;\u00e9lectricit\u00e9 depuis plusieurs jours apr\u00e8s qu&rsquo;une temp\u00eate de neige a mis hors service les lignes \u00e9lectriques.<\/p>\n<p>Sources additionnelles<strong> \u2022 AP, AFP<\/strong><\/p>\n","protected":false},"excerpt":{"rendered":"La temp\u00eate Goretti continuer de balayer l&rsquo;Europe avec de puissants rafales de vents, de la pluie et de&hellip;\n","protected":false},"author":2,"featured_media":652323,"comment_status":"","ping_status":"","sticky":false,"template":"","format":"standard","meta":{"footnotes":""},"categories":[1586],"tags":[11,672,1777,674,1011,27,6736,12,25,473,75609],"class_list":{"0":"post-652322","1":"post","2":"type-post","3":"status-publish","4":"format-standard","5":"has-post-thumbnail","7":"category-europe","8":"tag-actualites","9":"tag-allemagne","10":"tag-eu","11":"tag-europe","12":"tag-fr","13":"tag-france","14":"tag-hiver","15":"tag-news","16":"tag-republique-francaise","17":"tag-royaume-uni","18":"tag-tempete-de-neige"},"share_on_mastodon":{"url":"https:\/\/pubeurope.com\/@fr\/115866721615040212","error":""},"_links":{"self":[{"href":"https:\/\/www.europesays.com\/fr\/wp-json\/wp\/v2\/posts\/652322","targetHints":{"allow":["GET"]}}],"collection":[{"href":"https:\/\/www.europesays.com\/fr\/wp-json\/wp\/v2\/posts"}],"about":[{"href":"https:\/\/www.europesays.com\/fr\/wp-json\/wp\/v2\/types\/post"}],"author":[{"embeddable":true,"href":"https:\/\/www.europesays.com\/fr\/wp-json\/wp\/v2\/users\/2"}],"replies":[{"embeddable":true,"href":"https:\/\/www.europesays.com\/fr\/wp-json\/wp\/v2\/comments?post=652322"}],"version-history":[{"count":0,"href":"https:\/\/www.europesays.com\/fr\/wp-json\/wp\/v2\/posts\/652322\/revisions"}],"wp:featuredmedia":[{"embeddable":true,"href":"https:\/\/www.europesays.com\/fr\/wp-json\/wp\/v2\/media\/652323"}],"wp:attachment":[{"href":"https:\/\/www.europesays.com\/fr\/wp-json\/wp\/v2\/media?parent=652322"}],"wp:term":[{"taxonomy":"category","embeddable":true,"href":"https:\/\/www.europesays.com\/fr\/wp-json\/wp\/v2\/categories?post=652322"},{"taxonomy":"post_tag","embeddable":true,"href":"https:\/\/www.europesays.com\/fr\/wp-json\/wp\/v2\/tags?post=652322"}],"curies":[{"name":"wp","href":"https:\/\/api.w.org\/{rel}","templated":true}]}}