{"id":652334,"date":"2026-01-09T19:16:11","date_gmt":"2026-01-09T19:16:11","guid":{"rendered":"https:\/\/www.europesays.com\/fr\/652334\/"},"modified":"2026-01-09T19:16:11","modified_gmt":"2026-01-09T19:16:11","slug":"stade-toulousain-la-grosse-inquietude","status":"publish","type":"post","link":"https:\/\/www.europesays.com\/fr\/652334\/","title":{"rendered":"Stade Toulousain, la grosse inqui\u00e9tude"},"content":{"rendered":"<p><strong>Le Stade Toulousain doit faire<br \/>\nface \u00e0 une accumulation de blessures avant son d\u00e9placement en<br \/>\nChampions Cup contre les Saracens.<\/strong><\/p>\n<p>Le Stade Toulousain est \u00e0 nouveau touch\u00e9 par les blessures \u00e0<br \/>\nl\u2019approche de son d\u00e9placement crucial en Angleterre face aux<br \/>\nSaracens en Champions Cup. L\u2019\u00e9quipe doit composer avec plusieurs<br \/>\nabsences importantes dans ses lignes arri\u00e8re.<\/p>\n<p>Romain Ntamack, g\u00ean\u00e9 au dos, ne pourra pas tenir sa place ce<br \/>\ndimanche. Ugo Mola a expliqu\u00e9 la situation en conf\u00e9rence de presse<br \/>\n: \u00ab C\u2019est un p\u00e9pin un peu particulier. On va laisser le corps<br \/>\nm\u00e9dical et Romain \u00e9voluer en fonction de ses sensations. \u00bb<br \/>\nL\u2019international fran\u00e7ais devrait manquer les terrains pendant \u00ab<br \/>\nune semaine, quinze jours \u00bb, selon le manager toulousain.<\/p>\n<p>Mola sonne l\u2019alerte<\/p>\n<p>Ange Capuozzo ne sera pas non plus de la partie pour le match<br \/>\neurop\u00e9en. Touch\u00e9 au doigt, l\u2019arri\u00e8re italien manquera \u00e0 l\u2019appel, ce<br \/>\nqui suscite l\u2019agacement de son coach face \u00e0 cette accumulation de<br \/>\nblessures dans les lignes arri\u00e8res. \u00ab\u00a0Depuis quelque<br \/>\ntemps, on perd deux trois-quarts par week-end donc \u00e7a fait un peu<br \/>\nbeaucoup\u00a0\u00bb, regrette-t-il.<\/p>\n<p>Ugo Mola a \u00e9galement exprim\u00e9 son inqui\u00e9tude pour la suite de la<br \/>\nsaison. \u00ab On a beau, je le lis partout comme vous, avoir un<br \/>\neffectif pl\u00e9thorique, quand vous en perdez deux par week-end, \u00e0 un<br \/>\nmoment il va en manquer. Mais il y a des jeunes qui ont montr\u00e9 des<br \/>\nchoses int\u00e9ressantes le week-end dernier, m\u00eame si ce sera tout<br \/>\nautre chose ce week-end \u00bb, conclut-il.<\/p>\n","protected":false},"excerpt":{"rendered":"Le Stade Toulousain doit faire face \u00e0 une accumulation de blessures avant son d\u00e9placement en Champions Cup contre&hellip;\n","protected":false},"author":2,"featured_media":652335,"comment_status":"","ping_status":"","sticky":false,"template":"","format":"standard","meta":{"footnotes":""},"categories":[1416],"tags":[1011,27,479,1468,60],"class_list":{"0":"post-652334","1":"post","2":"type-post","3":"status-publish","4":"format-standard","5":"has-post-thumbnail","7":"category-rugby","8":"tag-fr","9":"tag-france","10":"tag-rugby","11":"tag-rugby-football","12":"tag-sports"},"share_on_mastodon":{"url":"https:\/\/pubeurope.com\/@fr\/115866749144564563","error":""},"_links":{"self":[{"href":"https:\/\/www.europesays.com\/fr\/wp-json\/wp\/v2\/posts\/652334","targetHints":{"allow":["GET"]}}],"collection":[{"href":"https:\/\/www.europesays.com\/fr\/wp-json\/wp\/v2\/posts"}],"about":[{"href":"https:\/\/www.europesays.com\/fr\/wp-json\/wp\/v2\/types\/post"}],"author":[{"embeddable":true,"href":"https:\/\/www.europesays.com\/fr\/wp-json\/wp\/v2\/users\/2"}],"replies":[{"embeddable":true,"href":"https:\/\/www.europesays.com\/fr\/wp-json\/wp\/v2\/comments?post=652334"}],"version-history":[{"count":0,"href":"https:\/\/www.europesays.com\/fr\/wp-json\/wp\/v2\/posts\/652334\/revisions"}],"wp:featuredmedia":[{"embeddable":true,"href":"https:\/\/www.europesays.com\/fr\/wp-json\/wp\/v2\/media\/652335"}],"wp:attachment":[{"href":"https:\/\/www.europesays.com\/fr\/wp-json\/wp\/v2\/media?parent=652334"}],"wp:term":[{"taxonomy":"category","embeddable":true,"href":"https:\/\/www.europesays.com\/fr\/wp-json\/wp\/v2\/categories?post=652334"},{"taxonomy":"post_tag","embeddable":true,"href":"https:\/\/www.europesays.com\/fr\/wp-json\/wp\/v2\/tags?post=652334"}],"curies":[{"name":"wp","href":"https:\/\/api.w.org\/{rel}","templated":true}]}}