{"id":652340,"date":"2026-01-09T19:22:11","date_gmt":"2026-01-09T19:22:11","guid":{"rendered":"https:\/\/www.europesays.com\/fr\/652340\/"},"modified":"2026-01-09T19:22:11","modified_gmt":"2026-01-09T19:22:11","slug":"sm-caen-avant-les-choses-serieuses-malherbe-doit-faire-sans-quatre-potentiels-titulaires","status":"publish","type":"post","link":"https:\/\/www.europesays.com\/fr\/652340\/","title":{"rendered":"SM Caen. Avant les choses s\u00e9rieuses, Malherbe doit faire sans \u00ab\u00a0quatre potentiels titulaires\u00a0\u00bb"},"content":{"rendered":"<p>                    Par<br \/>\n        <strong><br \/>\n            <a href=\"https:\/\/actu.fr\/auteur\/aline-chatel\" title=\"Consulter tous les articles de Aline Chatel\" target=\"_blank\" rel=\"noopener\">Aline Chatel<\/a><br \/>\n                    <\/strong><\/p>\n<p>        Publi\u00e9 le<\/p>\n<p>            9 janv. 2026 \u00e0 16h38        <\/p>\n<p>Au <a href=\"https:\/\/actu.fr\/tag\/stade-malherbe-de-caen\" target=\"_blank\" rel=\"noopener\">Stade Malherbe Caen<\/a>, \u00ab\u00a0le seul qui sort du lot\u00a0\u00bb, c\u2019est <a href=\"https:\/\/actu.fr\/normandie\/caen_14118\/pour-son-nouvel-entraineur-gael-clichy-avoir-yann-mvila-a-caen-en-national-ce-nest-pas-normal_63642209.html\" target=\"_blank\" rel=\"noopener\">Yann M\u2019Vila<\/a>. Ga\u00ebl Clichy a profit\u00e9 d\u2019un point sur les absents, apr\u00e8s la victoire sur Cr\u00e9teil en match amical vendredi 9 janvier 2026 (<a href=\"https:\/\/actu.fr\/normandie\/caen_14118\/sm-caen-gael-clichy-lance-son-mandat-par-une-courte-victoire-contre-creteil_63677172.html\" target=\"_blank\" rel=\"noopener\">2-1<\/a>), pour exprimer de nouveau<b> tout le bien qu\u2019il pense de son capitaine<\/b>. Le milieu de terrain se distingue \u00ab\u00a0de par son exp\u00e9rience\u00a0\u00bb, pr\u00e9cise l\u2019entra\u00eeneur malherbiste. Ga\u00ebl Clichy n\u2019a pu compter sur ses services face \u00e0 Cr\u00e9teil.<\/p>\n<p>Yann M\u2019Vila esp\u00e8re \u00eatre apte contre Concarneau<\/p>\n<p class=\" wall-content\"><b>Yann M\u2019Vila<\/b> s\u2019\u00e9tait bless\u00e9 la veille \u00e0 l\u2019entra\u00eenement, subissant un arrachement osseux au petit doigt de pied. \u00ab\u00a0Il voulait jouer avec une infiltration\u00a0\u00bb, pr\u00e9cise Ga\u00ebl Clichy, qui a pr\u00e9f\u00e9r\u00e9 le laisser au repos. Yann M\u2019Vila a assist\u00e9 \u00e0 la rencontre derri\u00e8re la main courante de l\u2019annexe 3, aux c\u00f4t\u00e9s de Souleymane Sagnan, conseillant et motivant ses partenaires. Il semble plut\u00f4t confiant quant \u00e0 ses chances d\u2019affronter Concarneau, vendredi 16 janvier, pour la reprise du championnat.<\/p>\n<p class=\" wall-content\">Outre <b>Samuel Noireau-Dauriat<\/b>, que l\u2019on avait pourtant vu reprendre l\u2019entra\u00eenement en janvier apr\u00e8s avoir \u00e9t\u00e9 op\u00e9r\u00e9 d\u2019une pubalgie, trois autres joueurs manquent \u00e0 l\u2019appel. <b>Valentin Henry<\/b>, dont la saison est d\u00e9cid\u00e9ment perturb\u00e9e par les p\u00e9pins physiques (il n\u2019a jou\u00e9 que deux des neuf derniers matchs), \u00ab\u00a0doit se faire checker par le docteur, il n\u2019y a rien de s\u00fbr\u00a0\u00bb. <b>Souleymane Sagnan<\/b> souffre d\u2019une \u00ab\u00a0blessure depuis d\u00e9cembre\u00a0\u00bb et doit reprendre dans \u00ab\u00a0quelques jours\u00a0\u00bb. Didi Gaucho l\u2019a remplac\u00e9 dans l\u2019axe de la d\u00e9fense, o\u00f9 il est si performant, contre l\u2019USCL.<\/p>\n<p>\u00ab\u00a0Plus compliqu\u00e9\u00a0\u00bb pour Dali Amar<\/p>\n<p class=\" wall-content\">Reste le cas<b> Belkacem Dali Amar<\/b>, qui \u00e9tait avec ses partenaires sur le banc contre Cr\u00e9teil. \u00ab\u00a0Il tra\u00eene quelque chose \u00e0 la cheville depuis le d\u00e9but de saison, indique Yann M\u2019Vila. C\u2019est plus compliqu\u00e9. \u00c0 un moment donn\u00e9, le corps dit stop. Malheureusement pour nous, pour moi, le corps a dit stop au moment o\u00f9 il y a un nouvel \u00e9lan avec un nouveau coach. Les six premiers mois,<b> il \u00e9tait un peu limit\u00e9 avec cette g\u00eane<\/b>.\u00a0\u00bb Cela pourrait expliquer son manque de rendement, lui qui a termin\u00e9 l\u2019ann\u00e9e civile en r\u00e9serve.<\/p>\n<blockquote class=\"ac-article-quote wall-content\">\n<p>On sait ce qu\u2019il est capable de faire au vu de la saison derni\u00e8re. On essaie de le remettre sur pied parce que ce sera un joueur de qualit\u00e9 s\u2019il arrive \u00e0 \u00eatre au niveau.\u00a0<\/p>\n<p>Ga\u00ebl Clichy, entra\u00eeneur du SM Caen<\/p><\/blockquote>\n<p class=\" wall-content\">Pour l\u2019heure, Caen a donc <b>\u00ab\u00a0quatre potentiels titulaires\u00a0\u00bb sur le flanc<\/b>. \u00ab\u00a0Ils ont tr\u00e8s bien boss\u00e9 pendant les deux semaines, salue Ga\u00ebl Clichy. C\u2019est dommage qu\u2019il y ait ce petit coup d\u2019arr\u00eat mais ce n\u2019est pas tr\u00e8s grave, on a du monde derri\u00e8re et <b>la blessure fait partie du jeu<\/b>. On travaille dur toute la semaine pour que tous les joueurs se valent.\u00a0\u00bb\u00a0<\/p>\n<p class=\" wall-content\">Personnalisez votre actualit\u00e9 en ajoutant vos villes et m\u00e9dias en favori avec <a href=\"https:\/\/moncompte.actu.fr\" title=\"D\u00e9couvez Mon Actu\" rel=\"nofollow noopener\" data-trk=\"{&quot;cta&quot;:{&quot;action&quot;:&quot;https:\\\/\\\/moncompte.actu.fr&quot;,&quot;category&quot;:&quot;mon compte&quot;,&quot;from&quot;:&quot;article footer&quot;,&quot;name&quot;:&quot;Mon actu&quot;,&quot;type&quot;:&quot;cta&quot;}}\" target=\"_blank\">Mon Actu<\/a>.<\/p>\n","protected":false},"excerpt":{"rendered":"Par Aline Chatel Publi\u00e9 le 9 janv. 2026 \u00e0 16h38 Au Stade Malherbe Caen, \u00ab\u00a0le seul qui sort&hellip;\n","protected":false},"author":2,"featured_media":652341,"comment_status":"","ping_status":"","sticky":false,"template":"","format":"standard","meta":{"footnotes":""},"categories":[1410],"tags":[63,1011,27,15104,1745,60,266],"class_list":{"0":"post-652340","1":"post","2":"type-post","3":"status-publish","4":"format-standard","5":"has-post-thumbnail","7":"category-football","8":"tag-football","9":"tag-fr","10":"tag-france","11":"tag-sm-caen","12":"tag-sport-caen","13":"tag-sports","14":"tag-stade-malherbe-de-caen"},"share_on_mastodon":{"url":"https:\/\/pubeurope.com\/@fr\/115866772706946115","error":""},"_links":{"self":[{"href":"https:\/\/www.europesays.com\/fr\/wp-json\/wp\/v2\/posts\/652340","targetHints":{"allow":["GET"]}}],"collection":[{"href":"https:\/\/www.europesays.com\/fr\/wp-json\/wp\/v2\/posts"}],"about":[{"href":"https:\/\/www.europesays.com\/fr\/wp-json\/wp\/v2\/types\/post"}],"author":[{"embeddable":true,"href":"https:\/\/www.europesays.com\/fr\/wp-json\/wp\/v2\/users\/2"}],"replies":[{"embeddable":true,"href":"https:\/\/www.europesays.com\/fr\/wp-json\/wp\/v2\/comments?post=652340"}],"version-history":[{"count":0,"href":"https:\/\/www.europesays.com\/fr\/wp-json\/wp\/v2\/posts\/652340\/revisions"}],"wp:featuredmedia":[{"embeddable":true,"href":"https:\/\/www.europesays.com\/fr\/wp-json\/wp\/v2\/media\/652341"}],"wp:attachment":[{"href":"https:\/\/www.europesays.com\/fr\/wp-json\/wp\/v2\/media?parent=652340"}],"wp:term":[{"taxonomy":"category","embeddable":true,"href":"https:\/\/www.europesays.com\/fr\/wp-json\/wp\/v2\/categories?post=652340"},{"taxonomy":"post_tag","embeddable":true,"href":"https:\/\/www.europesays.com\/fr\/wp-json\/wp\/v2\/tags?post=652340"}],"curies":[{"name":"wp","href":"https:\/\/api.w.org\/{rel}","templated":true}]}}