{"id":652344,"date":"2026-01-09T19:24:12","date_gmt":"2026-01-09T19:24:12","guid":{"rendered":"https:\/\/www.europesays.com\/fr\/652344\/"},"modified":"2026-01-09T19:24:12","modified_gmt":"2026-01-09T19:24:12","slug":"ces-tendances-deco-a-abandonner-sans-attendre","status":"publish","type":"post","link":"https:\/\/www.europesays.com\/fr\/652344\/","title":{"rendered":"ces tendances d\u00e9co \u00e0 abandonner sans attendre"},"content":{"rendered":"<p>Star de la d\u00e9co am\u00e9ricaine, \u00e0 la t\u00eate de <strong>Studio<br \/>\nMcGee<\/strong> et de <strong>McGee &amp; Co.<\/strong>, Shea McGee<br \/>\nfa\u00e7onne depuis des ann\u00e9es ce que l\u2019on voit passer sur Instagram et<br \/>\ndans les int\u00e9rieurs familiaux. D\u00e9but 2026, elle a partag\u00e9 sur le<br \/>\ncompte Studio McGee une liste d\u2019\u201cins\u201d et de \u201couts\u201d qui clarifie<br \/>\nfranchement la direction qu\u2019elle prend pour les <strong>tendances<br \/>\nd\u00e9co 2026<\/strong>.<\/p>\n<p>Elle ne le cache pas : \u00ab\u00a0M\u00eame si je n\u00a0\u00bbaime pas le mot &lsquo;tendance&rsquo;,<br \/>\nje pense qu&rsquo;il existe des d\u00e9tails qui permettent au design de<br \/>\nrester frais\u00a0\u00bb, affirme Shea McGee, qui d\u00e9crit ses choix comme<br \/>\n\u00ab\u00a0ancr\u00e9s dans la tradition\u00a0\u00bb. Derri\u00e8re cette esth\u00e9tique new<br \/>\nheritage, la d\u00e9coratrice dit pourtant adieu \u00e0 plusieurs looks<br \/>\ntr\u00e8s populaires ces derni\u00e8res ann\u00e9es, et le contraste est net.<\/p>\n<p>Shea McGee, des tendances 2026 pens\u00e9es pour durer<\/p>\n<p>Pour 2026, Shea McGee insiste sur le fait qu\u2019elle ne suit pas un<br \/>\neffet de mode \u00e9ph\u00e9m\u00e8re : \u00ab\u00a0Ce sont des choses qui m&rsquo;inspirent<br \/>\nvraiment, et qui m&rsquo;inspirent depuis d\u00e9j\u00e0 un bon moment, donc vous<br \/>\ncommencerez \u00e0 les voir appara\u00eetre dans les projets Studio McGee et<br \/>\ndans les produits McGee Co.\u00a0\u00bb, explique-t-elle dans une vid\u00e9o<br \/>\nrelay\u00e9e par Homes et Gardens. Sa boussole : des int\u00e9rieurs<br \/>\nchaleureux, contrast\u00e9s, qui ont l\u2019air habit\u00e9s plut\u00f4t que sortis<br \/>\nd\u2019un catalogue.<\/p>\n<p>C\u00f4t\u00e9 mati\u00e8res, son plaidoyer pour les <strong>bois<br \/>\nfonc\u00e9s<\/strong> se confirme. \u00ab\u00a0C&rsquo;est quelque chose que je souligne<br \/>\ndepuis quelques ann\u00e9es\u00a0\u00bb, dit-elle ; \u00ab\u00a0nous avons vu les bois fonc\u00e9s<br \/>\nvraiment commencer \u00e0 revenir et en ce moment en particulier, nous<br \/>\nen voyons tout simplement beaucoup\u00a0\u00bb. Ces essences \u00ab\u00a0ajoutent<br \/>\nbeaucoup de caract\u00e8re \u00e0 une maison\u00a0\u00bb, pr\u00e9cise la designer, qui<br \/>\nconfie : \u00ab\u00a0J&rsquo;esp\u00e8re continuer \u00e0 voir davantage de cela entrer dans<br \/>\nla maison, que ce soit par le mobilier ou par les finitions\u00a0\u00bb. M\u00eame<br \/>\nlogique pour les <strong>accents argent\u00e9s<\/strong>, les motifs<br \/>\nsuperpos\u00e9s et le retour du bleu, qui tracent une nouvelle voie \u00e0 la<br \/>\nplace de plusieurs tendances phares des ann\u00e9es 2010.<\/p>\n<p>Blanc, gris froid et d\u00e9co trop coordonn\u00e9e : les grands \u201couts\u201d<br \/>\nde 2026<\/p>\n<p>Dans sa liste 2026, la premi\u00e8re cible est claire : les<br \/>\nint\u00e9rieurs tout blancs et gris froids. Apr\u00e8s avoir r\u00e9gn\u00e9 sur les<br \/>\ncuisines et salons, ce duo est d\u00e9crit comme plat, sans joie,<br \/>\ncapable de donner \u00ab\u00a0\u00e0 une maison l&rsquo;air d&rsquo;un cabinet dentaire\u00a0\u00bb. Les<br \/>\ngris froids se d\u00e9modent depuis quelques ann\u00e9es d\u00e9j\u00e0 et sont<br \/>\nd\u00e9sormais pr\u00e9sent\u00e9s comme le moyen le plus rapide de dater une<br \/>\nmaison. Shea McGee encourage au contraire des neutres plus doux,<br \/>\naux sous-tons jaunes ou ros\u00e9s, et l\u2019introduction de vraie couleur,<br \/>\n\u00e0 commencer par le bleu.<\/p>\n<p>Autre renoncement net : les finitions parfaitement assorties.<br \/>\nUne maison o\u00f9 chaque m\u00e9tal, de la poign\u00e9e de porte au<br \/>\nporte-serviettes, affiche la m\u00eame teinte, o\u00f9 les ensembles de<br \/>\nmeubles coordonn\u00e9s dominent, ressemble trop \u00e0 un showroom sans \u00e2me.<br \/>\nLa d\u00e9coratrice prend aussi ses distances avec les int\u00e9rieurs trop<br \/>\nth\u00e9matiques, ces total looks bord de mer ou ferme rustique qui<br \/>\npeuvent vite devenir pr\u00e9visibles, voire un peu g\u00eanants. Elle<br \/>\npr\u00e9f\u00e8re des espaces \u00e9clectiques, compos\u00e9s au fil du temps, qui<br \/>\nm\u00e9langent sources et \u00e9poques.<\/p>\n<p>Motifs, bleu et style Hollywood cottage<br \/>\n: ce que Shea McGee propose \u00e0 la place<\/p>\n<p>Pour r\u00e9chauffer ces int\u00e9rieurs jug\u00e9s trop sages, Shea McGee<br \/>\nassume le style motif sur motif. \u00ab\u00a0J&rsquo;ai toujours \u00e9t\u00e9 fan des motifs,<br \/>\nmais en ce moment nous assistons \u00e0 leur retour sous une forme<br \/>\nvraiment traditionnelle, qui consiste \u00e0 superposer le motif sur le<br \/>\npapier peint, le rev\u00eatement et les coussins\u00a0\u00bb, explique-t-elle ;<br \/>\n\u00ab\u00a0des motifs audacieux sont superpos\u00e9s les uns aux autres, et<br \/>\nsouvent, c&rsquo;est un imprim\u00e9 floral\u00a0\u00bb, ajoute-t-elle. Elle mise aussi<br \/>\nsur le bleu : \u00ab\u00a0Je vois le bleu revenir en force dans toutes les<br \/>\nnuances\u00a0\u00bb, dit la designer, \u00ab\u00a0c&rsquo;est intemporel, c&rsquo;est classique, mais<br \/>\nen ce moment, cela para\u00eet frais parce que je pense que nous nous en<br \/>\nsommes \u00e9loign\u00e9s ces derni\u00e8res ann\u00e9es\u00a0\u00bb.<\/p>\n<p>Cette palette se cristallise dans l\u2019esth\u00e9tique Hollywood<br \/>\ncottage qu\u2019elle d\u00e9crit : \u00ab\u00a0Imaginez un espace avec des tapis en<br \/>\njonc de mer, des canap\u00e9s recouverts de housses, des rideaux en lin<br \/>\na\u00e9riens, des motifs floraux d&rsquo;inspiration vintage, des accents bleu<br \/>\net blanc, et de l&rsquo;argent\u00a0\u00bb, d\u00e9taille-t-elle. \u00ab\u00a0C&rsquo;est une maison de<br \/>\ncampagne, mais avec un c\u00f4t\u00e9 sophistiqu\u00e9 qui s&rsquo;y applique\u00a0\u00bb,<br \/>\npoursuit-elle, o\u00f9 \u00ab\u00a0toutes ces couches paraissent \u00e9l\u00e9gantes et<br \/>\nrecherch\u00e9es, mais vous pouvez aussi les faire para\u00eetre vraiment<br \/>\nhabit\u00e9es et confortables\u00a0\u00bb. Dans un int\u00e9rieur fran\u00e7ais marqu\u00e9 par le<br \/>\nblanc et le gris, introduire un grand meuble en bois sombre,<br \/>\nquelques textiles bleu et blanc et deux ou trois objets en<br \/>\nv\u00e9ritable argent suffit d\u00e9j\u00e0 \u00e0 basculer en douceur vers cette<br \/>\nvision 2026.<\/p>\n","protected":false},"excerpt":{"rendered":"Star de la d\u00e9co am\u00e9ricaine, \u00e0 la t\u00eate de Studio McGee et de McGee &amp; Co., Shea McGee&hellip;\n","protected":false},"author":2,"featured_media":652345,"comment_status":"","ping_status":"","sticky":false,"template":"","format":"standard","meta":{"footnotes":""},"categories":[1358],"tags":[930,5734,13041,70763,1348,1384,1385,11351,15021,9122,3477,8117,53904,1386,58,3026,72915,59,1011,27,6290,4561,974,18830,3585],"class_list":{"0":"post-652344","1":"post","2":"type-post","3":"status-publish","4":"format-standard","5":"has-post-thumbnail","7":"category-arts-et-design","8":"tag-le","9":"tag-5734","10":"tag-a","11":"tag-abandonner","12":"tag-arts","13":"tag-arts-and-design","14":"tag-arts-et-design","15":"tag-attendre","16":"tag-blanc","17":"tag-ces","18":"tag-cette","19":"tag-deco","20":"tag-decoratrice","21":"tag-design","22":"tag-divertissement","23":"tag-en","24":"tag-enterre","25":"tag-entertainment","26":"tag-fr","27":"tag-france","28":"tag-salon","29":"tag-sans","30":"tag-star","31":"tag-tendances","32":"tag-tout"},"share_on_mastodon":{"url":"https:\/\/pubeurope.com\/@fr\/115866780455114726","error":""},"_links":{"self":[{"href":"https:\/\/www.europesays.com\/fr\/wp-json\/wp\/v2\/posts\/652344","targetHints":{"allow":["GET"]}}],"collection":[{"href":"https:\/\/www.europesays.com\/fr\/wp-json\/wp\/v2\/posts"}],"about":[{"href":"https:\/\/www.europesays.com\/fr\/wp-json\/wp\/v2\/types\/post"}],"author":[{"embeddable":true,"href":"https:\/\/www.europesays.com\/fr\/wp-json\/wp\/v2\/users\/2"}],"replies":[{"embeddable":true,"href":"https:\/\/www.europesays.com\/fr\/wp-json\/wp\/v2\/comments?post=652344"}],"version-history":[{"count":0,"href":"https:\/\/www.europesays.com\/fr\/wp-json\/wp\/v2\/posts\/652344\/revisions"}],"wp:featuredmedia":[{"embeddable":true,"href":"https:\/\/www.europesays.com\/fr\/wp-json\/wp\/v2\/media\/652345"}],"wp:attachment":[{"href":"https:\/\/www.europesays.com\/fr\/wp-json\/wp\/v2\/media?parent=652344"}],"wp:term":[{"taxonomy":"category","embeddable":true,"href":"https:\/\/www.europesays.com\/fr\/wp-json\/wp\/v2\/categories?post=652344"},{"taxonomy":"post_tag","embeddable":true,"href":"https:\/\/www.europesays.com\/fr\/wp-json\/wp\/v2\/tags?post=652344"}],"curies":[{"name":"wp","href":"https:\/\/api.w.org\/{rel}","templated":true}]}}