{"id":652346,"date":"2026-01-09T19:26:11","date_gmt":"2026-01-09T19:26:11","guid":{"rendered":"https:\/\/www.europesays.com\/fr\/652346\/"},"modified":"2026-01-09T19:26:11","modified_gmt":"2026-01-09T19:26:11","slug":"a-19-ans-luigi-le-fils-de-julia-vignali-se-lance-dans-une-carriere-prometteuse-son-beau-pere-kad-merad-en-soutien","status":"publish","type":"post","link":"https:\/\/www.europesays.com\/fr\/652346\/","title":{"rendered":"A 19 ans, Luigi, le fils de Julia Vignali, se lance dans une carri\u00e8re prometteuse ! Son beau-p\u00e8re Kad Merad en soutien"},"content":{"rendered":"<p>                <img loading=\"lazy\" decoding=\"async\" src=\"https:\/\/www.europesays.com\/fr\/wp-content\/uploads\/2025\/04\/67-60dc2d2db82b7-35x35-1.jpg\" class=\"author-article-picture\" width=\"35\" height=\"35\"\/><\/p>\n<p>                    Par<\/p>\n<p>                                            <a class=\"author-article-bio-link\" href=\"https:\/\/www.purepeople.com\/auteur\/hiba-semali_a67\" target=\"_blank\" rel=\"noopener\">Hiba Semali<\/a><\/p>\n<p>                    |<\/p>\n<p>                                            R\u00e9dactrice<\/p>\n<p>\n                Rattach\u00e9e \u00e0 la rubrique t\u00e9l\u00e9, Hiba Semali se consacre au petit \u00e9cran. The Voice, Koh-Lanta, Top Chef, Secret Story, Star Academy ou encore Les Marseillais n&rsquo;ont aucun secret pour elle.\n            <\/p>\n<p>\n    Julia Vignali n&rsquo;est pas la seule star \u00e0 la maison : elle vit avec l&rsquo;acteur Kad Merad mais aussi avec son fils Luigi, n\u00e9 d&rsquo;une pr\u00e9c\u00e9dente relation. Et ce dernier se lance dans une carri\u00e8re pour le moins prometteuse !\n<\/p>\n<p>                                                        <img decoding=\"async\" class=\"player-thumbnail\" src=\"https:\/\/www.europesays.com\/fr\/wp-content\/uploads\/2026\/01\/0a99b92875601736-580x326-2.jpg\" width=\"580\" height=\"326\" loading=\"lazy\"\/><\/p>\n<p>                            A 19 ans, Luigi, le fils de Julia Vignali, se lance dans une carri\u00e8re prometteuse ! Son beau-p\u00e8re Kad Merad en soutien<\/p>\n<p>La suite apr\u00e8s la publicit\u00e9<\/p>\n<p><a href=\"https:\/\/www.purepeople.com\/people\/julia-vignali_p171816\" target=\"_blank\" rel=\"noopener\"><strong>Julia Vignali<\/strong><\/a> connait un franc succ\u00e8s aux commandes d&rsquo;Affaire conclue, \u00e0 l&rsquo;antenne de France 2. Et quand elle ne tourne pas de nouveaux \u00e9pisodes de l&rsquo;\u00e9mission de ventes aux ench\u00e8res, l&rsquo;animatrice de 50 ans profite de son temps avec ses proches. Rappelons qu&rsquo;<a href=\"https:\/\/www.purepeople.com\/article\/julia-vignali-mariee-a-kad-merad-la-presentatrice-avait-vendu-la-meche-concernant-leur-union_a530500\/1\" target=\"_blank\" rel=\"noopener\">elle est mari\u00e9e \u00e0 Kad Merad<\/a> depuis maintenant plus de trois ans. Et avant leur union, chacun \u00e9tait d\u00e9j\u00e0 parent de son c\u00f4t\u00e9 : <a href=\"https:\/\/www.purepeople.com\/article\/il-vit-dans-les-annees-30-entre-julia-vignali-et-le-fils-de-son-mari-kad-merad-cela-na-pas-toujours-ete-simple_a544621\/1\" target=\"_blank\" rel=\"noopener\">l&rsquo;acteur est le p\u00e8re de Kalil n\u00e9 en 2004<\/a> de sa relation avec la paroli\u00e8re et \u00e9crivaine Emmanuelle Cosso tandis que Julia Vignali est l&rsquo;heureuse maman de <strong>Luigi<\/strong>, n\u00e9 en 2006 et <a href=\"https:\/\/www.purepeople.com\/article\/julia-vignali-rares-confidences-sur-julien-le-pere-de-son-fils-luigi_a494392\/1\" target=\"_blank\" rel=\"noopener\">dont le p\u00e8re, pr\u00e9nomm\u00e9 Julien, officie comme sc\u00e9nariste<\/a>. Et le jeune homme d\u00e9sormais \u00e2g\u00e9 de 19 ans pourrait bien avoir une carri\u00e8re prometteuse !<\/p>\n<p>Pas question pour Luigi de suivre les traces de sa c\u00e9l\u00e8bre maman. Toutefois, il semble s&rsquo;int\u00e9resser \u00e0 un domaine tout autant expos\u00e9. En effet, sur son compte Instagram, il partage <strong>sa passion : la musique<\/strong>. Et Luigi ne se contente pas d&rsquo;en \u00e9couter, il en fait lui-m\u00eame ! A travers ses posts sur le r\u00e9seau social de partage d&rsquo;images, on d\u00e9couvre ainsi certains de ses sons \u00e0 l&rsquo;ambiance \u00e9lectro, guitare \u00e0 la main. <strong>Le charmant brun aux cheveux mi-longs et lunettes de vue sur le nez<\/strong>, s&rsquo;ambiance lui-m\u00eame sur son titre Almost, sorti en novembre dernier et d\u00e9j\u00e0 tr\u00e8s appr\u00e9ci\u00e9 \u00e0 en croire les commentaires. Sur une autre publication, <strong>il l\u00e2che sa guitare pour se mettre au piano<\/strong>, et \u00e7a lui r\u00e9ussit \u00e9galement ! Un talent incontestable, Luigi a une belle carri\u00e8re devant lui. <strong>De quoi rendre fi\u00e8re sa m\u00e8re Julia Vignali<\/strong>, qui ne manque pas une occasion de liker les posts de son fils sur Instagram tout comme Kad Merad, le beau-p\u00e8re du musicien. Par ailleurs, le compte Instagram de Luigi est suivi par plusieurs grands noms \u00e0 l&rsquo;instar d&rsquo;Isabelle Vitari, Damien Th\u00e9venot ou encore <a href=\"https:\/\/www.purepeople.com\/people\/caroline-margeridon_p555002\" target=\"_blank\" rel=\"noopener\">Caroline Margeridon<\/a>.<\/p>\n<p>Julia Vignali : Son fils Luigi passionn\u00e9 de musique depuis des ann\u00e9es<\/p>\n<p>La musique, une passion qui ne date pas d&rsquo;hier pour Luigi. En septembre 2023 d\u00e9j\u00e0, Julia Vignali \u00e9voquait le sujet. Dans les colonnes du magazine Gala, l&rsquo;animatrice r\u00e9v\u00e9lait que son fils \u00ab\u00a0joue de la guitare avec son groupe\u00a0\u00bb. Et de pr\u00e9ciser alors : \u00ab\u00a0<a href=\"https:\/\/www.purepeople.com\/article\/-sa-passion-c-est-julia-vignali-se-confie-comme-rarement-sur-son-fils-luigi-qui-veut-se-lancer-dans-un-metier-difficile_a514117\/1\" target=\"_blank\" rel=\"noopener\">Sa passion, c&rsquo;est la musique et il veut en faire son m\u00e9tier<\/a>.\u00a0\u00bb Trois ans plus tard, rien n&rsquo;a chang\u00e9. Sauf peut-\u00eatre cette vocation qui se d\u00e9veloppe plus, se pr\u00e9cise encore mieux. Affaire \u00e0 suivre.<\/p>\n","protected":false},"excerpt":{"rendered":"Par Hiba Semali | R\u00e9dactrice Rattach\u00e9e \u00e0 la rubrique t\u00e9l\u00e9, Hiba Semali se consacre au petit \u00e9cran. The&hellip;\n","protected":false},"author":2,"featured_media":652347,"comment_status":"","ping_status":"","sticky":false,"template":"","format":"standard","meta":{"footnotes":""},"categories":[1356],"tags":[58,59,1011,27,252,1364],"class_list":{"0":"post-652346","1":"post","2":"type-post","3":"status-publish","4":"format-standard","5":"has-post-thumbnail","7":"category-television","8":"tag-divertissement","9":"tag-entertainment","10":"tag-fr","11":"tag-france","12":"tag-television","13":"tag-tv"},"share_on_mastodon":{"url":"https:\/\/pubeurope.com\/@fr\/115866788664875359","error":""},"_links":{"self":[{"href":"https:\/\/www.europesays.com\/fr\/wp-json\/wp\/v2\/posts\/652346","targetHints":{"allow":["GET"]}}],"collection":[{"href":"https:\/\/www.europesays.com\/fr\/wp-json\/wp\/v2\/posts"}],"about":[{"href":"https:\/\/www.europesays.com\/fr\/wp-json\/wp\/v2\/types\/post"}],"author":[{"embeddable":true,"href":"https:\/\/www.europesays.com\/fr\/wp-json\/wp\/v2\/users\/2"}],"replies":[{"embeddable":true,"href":"https:\/\/www.europesays.com\/fr\/wp-json\/wp\/v2\/comments?post=652346"}],"version-history":[{"count":0,"href":"https:\/\/www.europesays.com\/fr\/wp-json\/wp\/v2\/posts\/652346\/revisions"}],"wp:featuredmedia":[{"embeddable":true,"href":"https:\/\/www.europesays.com\/fr\/wp-json\/wp\/v2\/media\/652347"}],"wp:attachment":[{"href":"https:\/\/www.europesays.com\/fr\/wp-json\/wp\/v2\/media?parent=652346"}],"wp:term":[{"taxonomy":"category","embeddable":true,"href":"https:\/\/www.europesays.com\/fr\/wp-json\/wp\/v2\/categories?post=652346"},{"taxonomy":"post_tag","embeddable":true,"href":"https:\/\/www.europesays.com\/fr\/wp-json\/wp\/v2\/tags?post=652346"}],"curies":[{"name":"wp","href":"https:\/\/api.w.org\/{rel}","templated":true}]}}