{"id":652348,"date":"2026-01-09T19:27:16","date_gmt":"2026-01-09T19:27:16","guid":{"rendered":"https:\/\/www.europesays.com\/fr\/652348\/"},"modified":"2026-01-09T19:27:16","modified_gmt":"2026-01-09T19:27:16","slug":"jordan-rudess-raconte-lexperience-qui-a-fixe-les-limites-de-dream-theater","status":"publish","type":"post","link":"https:\/\/www.europesays.com\/fr\/652348\/","title":{"rendered":"Jordan Rudess raconte l\u2019exp\u00e9rience qui a fix\u00e9 les limites de Dream Theater"},"content":{"rendered":"<p><strong>Jordan Rudess, clavi\u00e9riste de <a href=\"https:\/\/www.metalzone.fr\/dream-theater\/\" target=\"_blank\" rel=\"noopener\">Dream Theater<\/a>, a r\u00e9cemment expliqu\u00e9 pourquoi le groupe a toujours su \u00e9viter les d\u00e9rives souvent associ\u00e9es au monde du <a href=\"https:\/\/www.metalzone.fr\/rock\/\" target=\"_blank\" rel=\"noopener\">rock<\/a>. Selon lui, c\u2019est la complexit\u00e9 de leur musique et une conscience partag\u00e9e des limites \u00e0 ne pas franchir qui ont permis de maintenir cet \u00e9quilibre.<\/strong><\/p>\n<p>Une rigueur impos\u00e9e par la musique<\/p>\n<p>Dans un entretien accord\u00e9 \u00e0 <a href=\"https:\/\/www.youtube.com\/watch?v=7Y6DyTSSEyA\" target=\"_blank\" rel=\"noopener\">The Break Down With Nath &amp; Johnny<\/a>, Jordan Rudess est revenu sur l\u2019absence d\u2019exc\u00e8s nuisibles au sein de Dream Theater. \u00c0 ses yeux, le style du groupe impose une certaine discipline : \u201cPour jouer la musique de Dream Theater, tu ne peux pas \u00eatre compl\u00e8tement \u00e0 l\u2019ouest, c\u2019est juste pas possible.\u201d<\/p>\n<p>Il \u00e9voque une exp\u00e9rience partag\u00e9e avec <a href=\"https:\/\/www.metalzone.fr\/john-petrucci\/\" target=\"_blank\" rel=\"noopener\">John Petrucci<\/a> lors d\u2019un concert : \u201cOn a essay\u00e9 une fois, \u00e0 l\u2019entracte. Mais \u00e0 la fin du show, on s\u2019est dit : \u2018Non, \u00e7a marche pas. On n\u2019\u00e9tait pas bien, pas concentr\u00e9s\u2019.\u201d\u00a0Une tentative rapidement abandonn\u00e9e, au profit d\u2019une sobri\u00e9t\u00e9 assum\u00e9e pendant les performances.<\/p>\n<p>Des parcours personnels parfois tourment\u00e9s<\/p>\n<p>Si le groupe est rest\u00e9 globalement stable, certains membres ont connu des p\u00e9riodes plus difficiles. Mike Portnoy, revenu en 2023, a longtemps lutt\u00e9 contre l\u2019alcool. Dans une interview accord\u00e9e \u00e0 The Fix en 2017, il confiait avoir arr\u00eat\u00e9 en 2000, apr\u00e8s avoir atteint un point de non-retour : \u201cJe passais mes journ\u00e9es \u00e0 penser au fait de boire. C\u2019\u00e9tait devenu obsessionnel.\u201d<\/p>\n<p>Sobre depuis plus de vingt ans, il exprimait alors sa gratitude : \u201cJe suis reconnaissant d\u2019avoir pu m\u2019en sortir et d\u2019\u00eatre encore l\u00e0 aujourd\u2019hui pour ma famille, mes amis et nos fans.\u201d Il cite souvent les destins tragiques de John Bonham et Keith Moon comme des avertissements.<\/p>\n<p>Dream Theater est actuellement en tourn\u00e9e avec An Evening With Dream Theater, qui met \u00e0 l\u2019honneur l\u2019album Parasomnia et marque le retour de Portnoy \u00e0 la batterie. Le groupe se produira en Am\u00e9rique latine au printemps 2026, avant une pause estivale et de nouveaux projets d\u2019ici la fin de l\u2019ann\u00e9e.<\/p>\n","protected":false},"excerpt":{"rendered":"Jordan Rudess, clavi\u00e9riste de Dream Theater, a r\u00e9cemment expliqu\u00e9 pourquoi le groupe a toujours su \u00e9viter les d\u00e9rives&hellip;\n","protected":false},"author":2,"featured_media":565297,"comment_status":"","ping_status":"","sticky":false,"template":"","format":"standard","meta":{"footnotes":""},"categories":[1355],"tags":[58,59,1011,27,1361,873],"class_list":{"0":"post-652348","1":"post","2":"type-post","3":"status-publish","4":"format-standard","5":"has-post-thumbnail","7":"category-musique","8":"tag-divertissement","9":"tag-entertainment","10":"tag-fr","11":"tag-france","12":"tag-music","13":"tag-musique"},"share_on_mastodon":{"url":"https:\/\/pubeurope.com\/@fr\/115866792363180997","error":""},"_links":{"self":[{"href":"https:\/\/www.europesays.com\/fr\/wp-json\/wp\/v2\/posts\/652348","targetHints":{"allow":["GET"]}}],"collection":[{"href":"https:\/\/www.europesays.com\/fr\/wp-json\/wp\/v2\/posts"}],"about":[{"href":"https:\/\/www.europesays.com\/fr\/wp-json\/wp\/v2\/types\/post"}],"author":[{"embeddable":true,"href":"https:\/\/www.europesays.com\/fr\/wp-json\/wp\/v2\/users\/2"}],"replies":[{"embeddable":true,"href":"https:\/\/www.europesays.com\/fr\/wp-json\/wp\/v2\/comments?post=652348"}],"version-history":[{"count":0,"href":"https:\/\/www.europesays.com\/fr\/wp-json\/wp\/v2\/posts\/652348\/revisions"}],"wp:featuredmedia":[{"embeddable":true,"href":"https:\/\/www.europesays.com\/fr\/wp-json\/wp\/v2\/media\/565297"}],"wp:attachment":[{"href":"https:\/\/www.europesays.com\/fr\/wp-json\/wp\/v2\/media?parent=652348"}],"wp:term":[{"taxonomy":"category","embeddable":true,"href":"https:\/\/www.europesays.com\/fr\/wp-json\/wp\/v2\/categories?post=652348"},{"taxonomy":"post_tag","embeddable":true,"href":"https:\/\/www.europesays.com\/fr\/wp-json\/wp\/v2\/tags?post=652348"}],"curies":[{"name":"wp","href":"https:\/\/api.w.org\/{rel}","templated":true}]}}