{"id":652349,"date":"2026-01-09T19:28:53","date_gmt":"2026-01-09T19:28:53","guid":{"rendered":"https:\/\/www.europesays.com\/fr\/652349\/"},"modified":"2026-01-09T19:28:53","modified_gmt":"2026-01-09T19:28:53","slug":"dune-vie-a-lautre-moustique","status":"publish","type":"post","link":"https:\/\/www.europesays.com\/fr\/652349\/","title":{"rendered":"D&rsquo;une vie \u00e0 l&rsquo;autre | Moustique"},"content":{"rendered":"<p>        R\u00e9sum\u00e9<\/p>\n<p><b>Au d\u00e9but des ann\u00e9es 1990. Katrine Myrdal, une Norv\u00e9gienne \u00e0 la vie lisse et heureuse, refuse obstin\u00e9ment de t\u00e9moigner dans un proc\u00e8s pour faire reconna\u00eetre la trag\u00e9die des enfants norv\u00e9giens enlev\u00e9s par les nazis et \u00e9lev\u00e9s dans les Lebensborn. Elle prend tous les risques pour effacer un lourd secret&#8230;<\/b><\/p>\n<p>Casting<\/p>\n<p>\n\t\t\t\t\t\t\t\tR\u00e9alisateur\n\t\t\t\t\t\t\t<\/p>\n<p>\n\t\t\t\t\t\t\t\tGeorg Maas, Judith Kaufmann\n\t\t\t\t\t\t\t<\/p>\n<p>\n\t\t\t\t\t\t\t\tActeurs\n\t\t\t\t\t\t\t<\/p>\n<p>\n\t\t\t\t\t\t\t\tRainer Bock (Hugo), Liv Ullmann (Ase Evensen), Ken Duken (Sven Solbach), Klara Manzel (Katrine Evensen jeune), Julia Bache-Wiig (Anne Myrdal), Sven Nordin (Bjarte Myrdal), Juliane K\u00f6hler (Katrine Evensen Myrdal), Thomas Lawincky (Kahlmann), Vicky Krieps (Kathrin Lehnhaber), Dennis Storhoi (Hogseth), Ursula Werner (Hiltrud Schl\u00f6mer), J\u00fcrgen Rissmann (Lattoch), Ralf Dittrich (Clerk at Sonnenwiese), Christian Steyer (Archivist), Mathias Harrebye-Brandt (Danish Interrogator), Holger Handtke (German Interrogator), Daniel Krauss (German TV Journalist), Ellen Brigitte Winthe (Marit), Thorbj\u00f8rn Harr (Young Bjarte Myrdal), Sergey Chornyy (Russian Business Partner), Vitaly Golik (Russian Business Partner), Tatjana Berges (Russian Business Partner), Christoph Maria Glaser (Strassbourg Committee), Hubert Weber (Strassbourg Committee), Daniel Offermann (Strassbourg Committee), Kirsten Selbach B\u00f6ke (Danish Police Officer), Svenja Lange (Danish Secretary), Peter Frohnert (Danish Superior), Nikolaus Benda (Young Marine)\n\t\t\t\t\t\t\t<\/p>\n<p>\n\t\t\t\t\t\t\t\t\t\tSc\u00e9nario\n\t\t\t\t\t\t\t\t\t<\/p>\n<p>\n\t\t\t\t\t\t\t\t\t\tHannelore Hippe\n\t\t\t\t\t\t\t\t\t<\/p>\n<p>\t\t\t\t\t\t\t Diffusions TV<\/p>\n<p>\t\t\t\t\t<a href=\"https:\/\/tv.moustique.be\/chaine\/2544\/arte-belgique.html\" target=\"_blank\" rel=\"noopener\"><br \/>\n\t\t\t\t\t\t<img decoding=\"async\" class=\"lazy\" src=\"https:\/\/www.europesays.com\/fr\/wp-content\/uploads\/2026\/01\/2544.png\" alt=\"Arte Belgique\" data-toggle=\"tooltip\" data-placement=\"right\" title=\"Arte Belgique\"\/><br \/>\n\t\t\t\t\t<\/a><\/p>\n","protected":false},"excerpt":{"rendered":"R\u00e9sum\u00e9 Au d\u00e9but des ann\u00e9es 1990. Katrine Myrdal, une Norv\u00e9gienne \u00e0 la vie lisse et heureuse, refuse obstin\u00e9ment&hellip;\n","protected":false},"author":2,"featured_media":652350,"comment_status":"","ping_status":"","sticky":false,"template":"","format":"standard","meta":{"footnotes":""},"categories":[1354],"tags":[58,59,1346,1011,27,1360],"class_list":{"0":"post-652349","1":"post","2":"type-post","3":"status-publish","4":"format-standard","5":"has-post-thumbnail","7":"category-films","8":"tag-divertissement","9":"tag-entertainment","10":"tag-films","11":"tag-fr","12":"tag-france","13":"tag-movies"},"share_on_mastodon":{"url":"https:\/\/pubeurope.com\/@fr\/115866800287118025","error":""},"_links":{"self":[{"href":"https:\/\/www.europesays.com\/fr\/wp-json\/wp\/v2\/posts\/652349","targetHints":{"allow":["GET"]}}],"collection":[{"href":"https:\/\/www.europesays.com\/fr\/wp-json\/wp\/v2\/posts"}],"about":[{"href":"https:\/\/www.europesays.com\/fr\/wp-json\/wp\/v2\/types\/post"}],"author":[{"embeddable":true,"href":"https:\/\/www.europesays.com\/fr\/wp-json\/wp\/v2\/users\/2"}],"replies":[{"embeddable":true,"href":"https:\/\/www.europesays.com\/fr\/wp-json\/wp\/v2\/comments?post=652349"}],"version-history":[{"count":0,"href":"https:\/\/www.europesays.com\/fr\/wp-json\/wp\/v2\/posts\/652349\/revisions"}],"wp:featuredmedia":[{"embeddable":true,"href":"https:\/\/www.europesays.com\/fr\/wp-json\/wp\/v2\/media\/652350"}],"wp:attachment":[{"href":"https:\/\/www.europesays.com\/fr\/wp-json\/wp\/v2\/media?parent=652349"}],"wp:term":[{"taxonomy":"category","embeddable":true,"href":"https:\/\/www.europesays.com\/fr\/wp-json\/wp\/v2\/categories?post=652349"},{"taxonomy":"post_tag","embeddable":true,"href":"https:\/\/www.europesays.com\/fr\/wp-json\/wp\/v2\/tags?post=652349"}],"curies":[{"name":"wp","href":"https:\/\/api.w.org\/{rel}","templated":true}]}}