{"id":652360,"date":"2026-01-09T19:34:17","date_gmt":"2026-01-09T19:34:17","guid":{"rendered":"https:\/\/www.europesays.com\/fr\/652360\/"},"modified":"2026-01-09T19:34:17","modified_gmt":"2026-01-09T19:34:17","slug":"layatollah-khamenei-promet-que-le-pays-ne-reculera-pas-face-aux-manifestants-le-fils-de-lancien-chah-en-appelle-a-donald-trump","status":"publish","type":"post","link":"https:\/\/www.europesays.com\/fr\/652360\/","title":{"rendered":"l\u2019ayatollah Khamenei promet que le pays ne \u00ab\u00a0reculera pas\u00a0\u00bb face aux manifestants\u00a0; le fils de l\u2019ancien chah en appelle \u00e0 Donald Trump"},"content":{"rendered":"<p>                      <img loading=\"lazy\" decoding=\"async\" src=\"https:\/\/www.europesays.com\/fr\/wp-content\/uploads\/2026\/01\/f02e36b_ftp-1-utjnh4arp4s8-2026-01-09t070522z-254430384-rc2ixiawifsp-rtrmadp-3-iran-economy-protests.jpeg\" alt=\"Manifestation contre le gouvernement \u00e0 T\u00e9h\u00e9ran, sur une image tir\u00e9e des r\u00e9seaux sociaux, obtenue le 9\u00a0janvier 2026.\"   width=\"664\" height=\"443\"\/>    Manifestation contre le gouvernement \u00e0 T\u00e9h\u00e9ran, sur une image tir\u00e9e des r\u00e9seaux sociaux, obtenue le 9\u00a0janvier 2026.  REUTERS                          <\/p>\n<p class=\"article__paragraph  \">Alors qu\u2019une nouvelle vague de contestations secoue le pays et a fait au moins 51\u00a0morts, dont neuf enfants de moins de 18\u00a0ans, selon l\u2019ONG Iran Human Rights, bas\u00e9e en Norv\u00e8ge, le Guide supr\u00eame iranien, l\u2019ayatollah Ali Khamenei, a averti que l\u2019Iran ne \u00ab\u00a0reculerait pas\u00a0\u00bb face aux manifestants, qualifi\u00e9s de \u00ab\u00a0saboteurs\u00a0\u00bb et de \u00ab\u00a0vandales\u00a0\u00bb, dans un discours diffus\u00e9 vendredi 9\u00a0janvier par la t\u00e9l\u00e9vision d\u2019Etat.<\/p>\n<p>                                            Lire aussi |  Article r\u00e9serv\u00e9 \u00e0 nos abonn\u00e9s  <a href=\"https:\/\/www.lemonde.fr\/international\/article\/2026\/01\/07\/le-regime-iranien-sous-la-pression-conjuguee-de-la-rue-d-israel-et-des-etats-unis_6660857_3210.html\" class=\"js-article-read-also catcher--favoris__link\" data-premium=\"1\" id=\"article-title-3453497\" target=\"_blank\" rel=\"noopener\">En Iran, le r\u00e9gime islamique sous la pression de la rue, d\u2019Isra\u00ebl et des Etats-Unis<\/a>    <\/p>\n<p>   Lire plus tard  <\/p>\n<p class=\"article__paragraph  \">De son c\u00f4t\u00e9, <a href=\"https:\/\/www.lemonde.fr\/m-le-mag\/article\/2025\/07\/05\/le-retour-opportun-de-reza-pahlavi-prince-heritier-d-iran-au-lendemain-des-frappes-americaines_6618542_4500055.html\" target=\"_blank\" rel=\"noopener\">le fils de l\u2019ancien chah d\u2019Iran et figure de l\u2019opposition en exil <\/a>a demand\u00e9 \u00e0 Donald Trump d\u2019intervenir sans tarder dans la r\u00e9publique islamique. \u00ab\u00a0Monsieur le pr\u00e9sident, ceci est un appel urgent et imm\u00e9diat r\u00e9clamant votre attention, votre soutien et votre action\u00a0\u00bb, a \u00e9crit Reza Pahlavi sur les r\u00e9seaux sociaux. \u00ab\u00a0Veuillez vous tenir pr\u00eat \u00e0 intervenir pour aider le peuple iranien.\u00a0\u00bb<\/p>\n<p class=\"article__paragraph  \">Jeudi soir, les Iraniens \u00e9taient descendus en nombre dans la rue pour d\u00e9fier le pouvoir d\u2019Ali Khamenei, qui dirige la R\u00e9publique islamique depuis 1989. Des images montrent des foules qui manifestent sur plusieurs avenues de T\u00e9h\u00e9ran, scandant\u00a0: \u00ab\u00a0Mort au dictateur.\u00a0\u00bb Cette mobilisation r\u00e9sulte en partie de l\u2019appel \u00e0 manifester lanc\u00e9 par Reza Pahlavi, fils exil\u00e9 du dernier chah d\u2019Iran, dans une vid\u00e9o publi\u00e9e le 6\u00a0janvier. Il invitait les Iraniens \u00e0 scander des slogans contre le r\u00e9gime, pr\u00e9cisant \u00ab\u00a0o\u00f9 que vous soyez, dans la rue ou m\u00eame de vos maisons\u00a0\u00bb.<\/p>\n<p class=\"article__paragraph  \">D\u2019autres vid\u00e9os montrent d\u2019importantes manifestations dans plusieurs villes du pays, notamment \u00e0 Tabriz (Nord), dans la ville sainte de Machhad (Est) ainsi que dans l\u2019ouest du pays \u00e0 majorit\u00e9 kurde, notamment autour de la grande ville de Kermanshah. La connexion Internet, coup\u00e9e jeudi dans tout le pays, \u00ab\u00a0une tentative d\u2019\u00e9touffer la vague de contestation\u00a0\u00bb, demeurait inaccessible vendredi, d\u2019apr\u00e8s l\u2019ONG de surveillance de la cybers\u00e9curit\u00e9 Netblocks.<\/p>\n<p class=\"article__paragraph  \">Le chef de la diplomatie iranienne a accus\u00e9 vendredi les Etats-Unis et Isra\u00ebl d\u2019ing\u00e9rence dans ce mouvement de contestation\u00a0: \u00ab\u00a0C\u2019est ce qu\u2019ont affirm\u00e9 les Am\u00e9ricains et les Isra\u00e9liens, \u00e0 savoir qu\u2019ils interviennent directement dans les manifestations en Iran\u00a0\u00bb, a d\u00e9clar\u00e9 le ministre Abbas Araghchi, en visite au Liban. \u00ab\u00a0Ils essaient de transformer les manifestations pacifiques en actions clivantes et violentes\u00a0\u00bb, a affirm\u00e9 le ministre, tout en jugeant \u00ab\u00a0peu probable\u00a0\u00bb la possibilit\u00e9 d\u2019une intervention militaire contre l\u2019Iran.<\/p>\n<p class=\"article__paragraph  \">S\u2019exprimant devant ses partisans, Ali Khamenei a d\u00e9clar\u00e9 que les mains de Donald Trump \u00e9taient \u00ab\u00a0tach\u00e9es du sang de plus d\u2019un millier d\u2019Iraniens\u00a0\u00bb, dans une r\u00e9f\u00e9rence apparente \u00e0 la guerre de douze jours d\u00e9clench\u00e9e en juin par Isra\u00ebl, \u00e0 laquelle les Etats-Unis s\u2019\u00e9taient associ\u00e9s. Il a \u00e9galement pr\u00e9dit que \u00ab\u00a0l\u2019arrogant\u00a0\u00bb dirigeant am\u00e9ricain serait \u00ab\u00a0renvers\u00e9\u00a0\u00bb, \u00e0 l\u2019image de la dynastie qui a gouvern\u00e9 l\u2019Iran\u00a0jusqu\u2019\u00e0 la r\u00e9volution islamique de 1979.<\/p>\n<p>                               <img loading=\"lazy\" decoding=\"async\" src=\"https:\/\/www.europesays.com\/fr\/wp-content\/uploads\/2026\/01\/2766b5b_upload-1-6ziwyw54nzbx-ira-0126-protest.png\" alt=\"\"   width=\"664\" height=\"443\"\/>                                            Lire aussi |  Article r\u00e9serv\u00e9 \u00e0 nos abonn\u00e9s  <a href=\"https:\/\/www.lemonde.fr\/international\/article\/2026\/01\/09\/l-iran-coupee-d-internet-alors-que-le-mouvement-de-contestation-du-regime-gagne-en-ampleur_6661126_3210.html\" class=\"js-article-read-also catcher--favoris__link\" data-premium=\"1\" id=\"article-title-3453824\" target=\"_blank\" rel=\"noopener\">L\u2019Iran coup\u00e9 d\u2019Internet alors que le mouvement de contestation du r\u00e9gime gagne de l\u2019ampleur<\/a>    <\/p>\n<p>   Lire plus tard  <\/p>\n<p>                          Appel \u00e0 la \u00ab\u00a0retenue\u00a0\u00bb                    <\/p>\n<p class=\"article__paragraph  \">Ces manifestations sont les plus importantes en\u00a0Iran\u00a0depuis celles qui avaient eu lieu apr\u00e8s la mort, en\u00a02022, de Mahsa Amini, arr\u00eat\u00e9e pour port du voile non r\u00e9glementaire. Des organisations de d\u00e9fense des droits humains ont accus\u00e9 les autorit\u00e9s d\u2019avoir ouvert le feu sur des protestataires, faisant des dizaines de morts depuis le d\u00e9but de la contestation, initialement contre la vie ch\u00e8re, \u00e0 la fin de d\u00e9cembre.<\/p>\n<p> Le Monde M\u00e9morable  <\/p>\n<p> <a href=\"https:\/\/www.lemonde.fr\/memorable\/?rfextension=inread\" class=\"inread__link js-services-inread-link\" target=\"_blank\" rel=\"noopener\">  <\/p>\n<p>Testez votre culture g\u00e9n\u00e9rale avec la r\u00e9daction du \u00ab Monde \u00bb<\/p>\n<p>Testez votre culture g\u00e9n\u00e9rale avec la r\u00e9daction du \u00ab Monde \u00bb<\/p>\n<p>D\u00e9couvrir<\/p>\n<p> <\/a>      <\/p>\n<p> Newsletter  <\/p>\n<p> <a href=\"https:\/\/www.lemonde.fr\/newsletters\/a-la-une\/\" class=\"inread__link js-services-inread-link\" target=\"_blank\" rel=\"noopener\">  <\/p>\n<p>\u00ab A la une \u00bb<\/p>\n<p>Chaque matin, parcourez l&rsquo;essentiel de l&rsquo;actualit\u00e9 du jour avec les derniers titres du \u00ab Monde \u00bb<\/p>\n<p>S&rsquo;inscrire<\/p>\n<p> <\/a>          <\/p>\n<p> Le Monde Application  <\/p>\n<p> <a href=\"https:\/\/lamatinale.onelink.me\/gKMy\/ahw2ubr3\" class=\"inread__link js-services-inread-link\" target=\"_blank\" rel=\"noopener\">  <\/p>\n<p>La Matinale du Monde<\/p>\n<p>Chaque matin, retrouvez notre s\u00e9lection de 20 articles \u00e0 ne pas manquer <\/p>\n<p>T\u00e9l\u00e9charger l&rsquo;application<\/p>\n<p> <\/a>      <\/p>\n<p> Newsletter abonn\u00e9s  <\/p>\n<p> <a href=\"https:\/\/www.lemonde.fr\/newsletters\/international\/\" class=\"inread__link js-services-inread-link\" target=\"_blank\" rel=\"noopener\">  <\/p>\n<p>\u00ab International \u00bb<\/p>\n<p>L\u2019essentiel de l\u2019actualit\u00e9 internationale de la semaine<\/p>\n<p>S&rsquo;inscrire<\/p>\n<p> <\/a>             <\/p>\n<p class=\"article__paragraph  \">Vendredi, le haut-commissaire des Nations unies pour les droits de l\u2019homme, Volker T\u00fcrk, a r\u00e9clam\u00e9 dans un communiqu\u00e9 une enqu\u00eate \u00ab\u00a0rapide\u00a0\u00bb et \u00ab\u00a0ind\u00e9pendante\u00a0\u00bb relative \u00e0 ces violences, exigeant le respect du droit de manifester pacifiquement \u00ab\u00a0inscrit dans le droit international\u00a0\u00bb.<\/p>\n<p class=\"article__paragraph  \">Il s\u2019est \u00e9galement inqui\u00e9t\u00e9 de la coupure d\u2019Internet dans le pays. \u00ab\u00a0De telles actions sapent la libert\u00e9 d\u2019expression et l\u2019acc\u00e8s \u00e0 l\u2019information, et affectent le travail de ceux qui documentent les violations des droits humains, ainsi que l\u2019acc\u00e8s aux services essentiels et d\u2019urgence\u00a0\u00bb, a-t-il insist\u00e9.<\/p>\n<p class=\"article__paragraph  \">De leur c\u00f4t\u00e9, Emmanuel Macron, Keir Starmer et Friedrich Merz ont condamn\u00e9 \u00ab\u00a0fermement\u00a0\u00bb \u00ab\u00a0le meurtre de manifestants\u00a0\u00bb et les \u00ab\u00a0violences\u00a0\u00bb commises par les forces de s\u00e9curit\u00e9 en Iran, dans une d\u00e9claration commune o\u00f9 les trois dirigeants appellent les autorit\u00e9s iraniennes \u00e0 la \u00ab\u00a0retenue\u00a0\u00bb. \u00ab\u00a0Nous sommes profond\u00e9ment pr\u00e9occup\u00e9s par les informations faisant \u00e9tat de violences commises par les forces de s\u00e9curit\u00e9 iraniennes et condamnons fermement le meurtre de manifestants\u00a0\u00bb, ont \u00e9crit les dirigeants fran\u00e7ais, britannique et allemand, exhortant les autorit\u00e9s iraniennes \u00e0 \u00ab\u00a0s\u2019abstenir de toute violence et \u00e0 respecter les droits fondamentaux des citoyens iraniens\u00a0\u00bb.<\/p>\n<p class=\"author__detail\">  Le Monde avec AFP  <\/p>\n","protected":false},"excerpt":{"rendered":"Manifestation contre le gouvernement \u00e0 T\u00e9h\u00e9ran, sur une image tir\u00e9e des r\u00e9seaux sociaux, obtenue le 9\u00a0janvier 2026. REUTERS&hellip;\n","protected":false},"author":2,"featured_media":652361,"comment_status":"","ping_status":"","sticky":false,"template":"","format":"standard","meta":{"footnotes":""},"categories":[5],"tags":[11,1011,27,14,12,28],"class_list":{"0":"post-652360","1":"post","2":"type-post","3":"status-publish","4":"format-standard","5":"has-post-thumbnail","7":"category-international","8":"tag-actualites","9":"tag-fr","10":"tag-france","11":"tag-international","12":"tag-news","13":"tag-world"},"share_on_mastodon":{"url":"https:\/\/pubeurope.com\/@fr\/115866820132862657","error":""},"_links":{"self":[{"href":"https:\/\/www.europesays.com\/fr\/wp-json\/wp\/v2\/posts\/652360","targetHints":{"allow":["GET"]}}],"collection":[{"href":"https:\/\/www.europesays.com\/fr\/wp-json\/wp\/v2\/posts"}],"about":[{"href":"https:\/\/www.europesays.com\/fr\/wp-json\/wp\/v2\/types\/post"}],"author":[{"embeddable":true,"href":"https:\/\/www.europesays.com\/fr\/wp-json\/wp\/v2\/users\/2"}],"replies":[{"embeddable":true,"href":"https:\/\/www.europesays.com\/fr\/wp-json\/wp\/v2\/comments?post=652360"}],"version-history":[{"count":0,"href":"https:\/\/www.europesays.com\/fr\/wp-json\/wp\/v2\/posts\/652360\/revisions"}],"wp:featuredmedia":[{"embeddable":true,"href":"https:\/\/www.europesays.com\/fr\/wp-json\/wp\/v2\/media\/652361"}],"wp:attachment":[{"href":"https:\/\/www.europesays.com\/fr\/wp-json\/wp\/v2\/media?parent=652360"}],"wp:term":[{"taxonomy":"category","embeddable":true,"href":"https:\/\/www.europesays.com\/fr\/wp-json\/wp\/v2\/categories?post=652360"},{"taxonomy":"post_tag","embeddable":true,"href":"https:\/\/www.europesays.com\/fr\/wp-json\/wp\/v2\/tags?post=652360"}],"curies":[{"name":"wp","href":"https:\/\/api.w.org\/{rel}","templated":true}]}}