{"id":652364,"date":"2026-01-09T19:36:23","date_gmt":"2026-01-09T19:36:23","guid":{"rendered":"https:\/\/www.europesays.com\/fr\/652364\/"},"modified":"2026-01-09T19:36:23","modified_gmt":"2026-01-09T19:36:23","slug":"pourquoi-lue-est-impuissante-face-a-loffre-de-rachat-de-donald-trump","status":"publish","type":"post","link":"https:\/\/www.europesays.com\/fr\/652364\/","title":{"rendered":"pourquoi l&rsquo;UE est impuissante face \u00e0 l&rsquo;offre de rachat de Donald Trump"},"content":{"rendered":"<p>Alors que les ricanements accueillaient la proposition de Donald Trump de \u00ab\u00a0racheter\u00a0\u00bb le Groenland, le ton a chang\u00e9 en ce d\u00e9but d&rsquo;ann\u00e9e 2026. L&rsquo;offre \u2014 d\u00e9sormais chiffr\u00e9e \u2014 de 10\u00a0000\u00a0\u00e0 100\u00a0000 dollars pour chacun des 57\u00a0000 habitants de l\u2019\u00eele n&rsquo;est plus une boutade, mais le cheval de Troie d&rsquo;une strat\u00e9gie de s\u00e9duction agressive. Car il y a un angle mort juridique que Bruxelles feint d&rsquo;ignorer\u00a0: le Groenland n&rsquo;a pas besoin de l&rsquo;aval de l&rsquo;Union europ\u00e9enne pour changer de destin.<\/p>\n<p>Le premier paradoxe r\u00e9side dans le statut de l&rsquo;\u00eele. Bien que le Danemark soit un pilier de l&rsquo;UE, le Groenland a quitt\u00e9 l&rsquo;organisation d\u00e8s 1985. Aujourd&rsquo;hui simple \u00ab\u00a0pays et territoire d&rsquo;outre-mer\u00a0\u00bb (PTOM), le territoire n&rsquo;est li\u00e9 \u00e0 Bruxelles que par un accord d&rsquo;association. Sur le plan du droit pur, si Nuuk d\u00e9cide de modifier son statut international, l&rsquo;UE n&rsquo;a aucun pouvoir de veto. La comp\u00e9tence est strictement bilat\u00e9rale entre la capitale groenlandaise et Copenhague. Les Europ\u00e9ens pourraient se retrouver spectateurs d&rsquo;une transaction qui leur \u00e9chappe sur leur propre flanc arctique, sans le moindre levier juridique formel pour l&rsquo;interdire.<\/p>\n","protected":false},"excerpt":{"rendered":"Alors que les ricanements accueillaient la proposition de Donald Trump de \u00ab\u00a0racheter\u00a0\u00bb le Groenland, le ton a chang\u00e9&hellip;\n","protected":false},"author":2,"featured_media":652365,"comment_status":"","ping_status":"","sticky":false,"template":"","format":"standard","meta":{"footnotes":""},"categories":[2],"tags":[5734,15718,11,2360,42108,33,1011,27,146,9234,12,61607],"class_list":{"0":"post-652364","1":"post","2":"type-post","3":"status-publish","4":"format-standard","5":"has-post-thumbnail","7":"category-actualites","8":"tag-5734","9":"tag-achat","10":"tag-actualites","11":"tag-bruxelles","12":"tag-detail","13":"tag-economie","14":"tag-fr","15":"tag-france","16":"tag-groenland","17":"tag-juridique","18":"tag-news","19":"tag-paralyse"},"share_on_mastodon":{"url":"https:\/\/pubeurope.com\/@fr\/115866827759467878","error":""},"_links":{"self":[{"href":"https:\/\/www.europesays.com\/fr\/wp-json\/wp\/v2\/posts\/652364","targetHints":{"allow":["GET"]}}],"collection":[{"href":"https:\/\/www.europesays.com\/fr\/wp-json\/wp\/v2\/posts"}],"about":[{"href":"https:\/\/www.europesays.com\/fr\/wp-json\/wp\/v2\/types\/post"}],"author":[{"embeddable":true,"href":"https:\/\/www.europesays.com\/fr\/wp-json\/wp\/v2\/users\/2"}],"replies":[{"embeddable":true,"href":"https:\/\/www.europesays.com\/fr\/wp-json\/wp\/v2\/comments?post=652364"}],"version-history":[{"count":0,"href":"https:\/\/www.europesays.com\/fr\/wp-json\/wp\/v2\/posts\/652364\/revisions"}],"wp:featuredmedia":[{"embeddable":true,"href":"https:\/\/www.europesays.com\/fr\/wp-json\/wp\/v2\/media\/652365"}],"wp:attachment":[{"href":"https:\/\/www.europesays.com\/fr\/wp-json\/wp\/v2\/media?parent=652364"}],"wp:term":[{"taxonomy":"category","embeddable":true,"href":"https:\/\/www.europesays.com\/fr\/wp-json\/wp\/v2\/categories?post=652364"},{"taxonomy":"post_tag","embeddable":true,"href":"https:\/\/www.europesays.com\/fr\/wp-json\/wp\/v2\/tags?post=652364"}],"curies":[{"name":"wp","href":"https:\/\/api.w.org\/{rel}","templated":true}]}}