{"id":652366,"date":"2026-01-09T19:37:11","date_gmt":"2026-01-09T19:37:11","guid":{"rendered":"https:\/\/www.europesays.com\/fr\/652366\/"},"modified":"2026-01-09T19:37:11","modified_gmt":"2026-01-09T19:37:11","slug":"saint-etienne-florent-maira-nouveau-commandant-des-sapeurs-pompiers-de-la-compagnie-nord-stephanois","status":"publish","type":"post","link":"https:\/\/www.europesays.com\/fr\/652366\/","title":{"rendered":"Saint-\u00c9tienne. Florent Maira, nouveau commandant des sapeurs-pompiers de la compagnie nord st\u00e9phanois"},"content":{"rendered":"<p>St\u00e9phanois d\u2019origine, plus pr\u00e9cis\u00e9ment de La Tour-en-Jarez, Florent Maira, 41\u00a0ans, vient d\u2019acc\u00e9der au commandement de la caserne de la Terrasse, \u00e0 deux pas du village de son enfance. Petit, il n\u2019envisageait pas du tout de suivre les traces de son p\u00e8re lui-m\u00eame pompier. \u00ab\u00a0J\u2019ai fait mon opposition d\u2019adolescent, mais j\u2019ai aussi connu les contraintes de la vie d\u2019un enfant dont le papa doit s\u2019absenter pour faire ses gardes\u00a0\u00bb, explique ce p\u00e8re de deux petites&#8230;<\/p>\n","protected":false},"excerpt":{"rendered":"St\u00e9phanois d\u2019origine, plus pr\u00e9cis\u00e9ment de La Tour-en-Jarez, Florent Maira, 41\u00a0ans, vient d\u2019acc\u00e9der au commandement de la caserne de&hellip;\n","protected":false},"author":2,"featured_media":652367,"comment_status":"","ping_status":"","sticky":false,"template":"","format":"standard","meta":{"footnotes":""},"categories":[9653],"tags":[1111,11,2430,7539,1777,674,1011,27,12,25,4001,7538,104],"class_list":{"0":"post-652366","1":"post","2":"type-post","3":"status-publish","4":"format-standard","5":"has-post-thumbnail","7":"category-saint-etienne","8":"tag-actu","9":"tag-actualites","10":"tag-auvergne-rhone-alpes","11":"tag-edition-loire-sud","12":"tag-eu","13":"tag-europe","14":"tag-fr","15":"tag-france","16":"tag-news","17":"tag-republique-francaise","18":"tag-saint-etienne","19":"tag-saint-etienne-ville","20":"tag-societe"},"share_on_mastodon":{"url":"https:\/\/pubeurope.com\/@fr\/115866831657109762","error":""},"_links":{"self":[{"href":"https:\/\/www.europesays.com\/fr\/wp-json\/wp\/v2\/posts\/652366","targetHints":{"allow":["GET"]}}],"collection":[{"href":"https:\/\/www.europesays.com\/fr\/wp-json\/wp\/v2\/posts"}],"about":[{"href":"https:\/\/www.europesays.com\/fr\/wp-json\/wp\/v2\/types\/post"}],"author":[{"embeddable":true,"href":"https:\/\/www.europesays.com\/fr\/wp-json\/wp\/v2\/users\/2"}],"replies":[{"embeddable":true,"href":"https:\/\/www.europesays.com\/fr\/wp-json\/wp\/v2\/comments?post=652366"}],"version-history":[{"count":0,"href":"https:\/\/www.europesays.com\/fr\/wp-json\/wp\/v2\/posts\/652366\/revisions"}],"wp:featuredmedia":[{"embeddable":true,"href":"https:\/\/www.europesays.com\/fr\/wp-json\/wp\/v2\/media\/652367"}],"wp:attachment":[{"href":"https:\/\/www.europesays.com\/fr\/wp-json\/wp\/v2\/media?parent=652366"}],"wp:term":[{"taxonomy":"category","embeddable":true,"href":"https:\/\/www.europesays.com\/fr\/wp-json\/wp\/v2\/categories?post=652366"},{"taxonomy":"post_tag","embeddable":true,"href":"https:\/\/www.europesays.com\/fr\/wp-json\/wp\/v2\/tags?post=652366"}],"curies":[{"name":"wp","href":"https:\/\/api.w.org\/{rel}","templated":true}]}}