{"id":652372,"date":"2026-01-09T19:40:14","date_gmt":"2026-01-09T19:40:14","guid":{"rendered":"https:\/\/www.europesays.com\/fr\/652372\/"},"modified":"2026-01-09T19:40:14","modified_gmt":"2026-01-09T19:40:14","slug":"nancy-des-personnes-handicapees-liberees-apres-23-jours-sans-ascenseur","status":"publish","type":"post","link":"https:\/\/www.europesays.com\/fr\/652372\/","title":{"rendered":"Nancy. Des personnes handicap\u00e9es lib\u00e9r\u00e9es apr\u00e8s 23 jours sans ascenseur"},"content":{"rendered":"<p>\u00ab\u00a0Avant cette nouvelle panne, je sortais tous les jours pour acheter mon pain, faire mes courses\u2026 mais l\u00e0, j\u2019avais l\u2019impression d\u2019\u00eatre en prison\u00a0!\u00a0\u00bb Alexandre Taillard, 49 ans, emmur\u00e9 depuis le 18\u00a0d\u00e9cembre dernier dans son appartement situ\u00e9 au 3e \u00e9tage, va pouvoir retrouver son autonomie et sa libert\u00e9. Tout comme sept autres r\u00e9sidents atteints de handicaps, domicili\u00e9s dans cet immeuble <a href=\"https:\/\/www.estrepublicain.fr\/societe\/2026\/01\/02\/panne-d-ascenseur-des-residents-handicapes-de-nouveau-pieges\" target=\"_blank\" rel=\"noopener\">OMh de six \u00e9tages sis au 14, rue Charles-III \u00e0 Nancy<\/a>.<\/p>\n<p>  \u00c0 l\u2019arr\u00eat un mois durant l\u2019\u00e9t\u00e9 2024<\/p>\n<p>Condamn\u00e9 \u00e0 se d\u00e9placer en fauteuil roulant \u00e9lectrique depuis une intervention chirurgicale c\u00e9r\u00e9brale qui s\u2019est mal pass\u00e9e, le quadrag\u00e9naire se r\u00e9jouissait, vendredi 9\u00a0janvier, du d\u00e9pannage de l\u2019ascenseur. Mais h\u00e9sitait encore \u00e0 le prendre dans l\u2019imm\u00e9diat. \u00ab\u00a0Je vais laisser passer 24 heures, observer, \u00e9couter les \u00e9ventuels bruits suspects et voir si la r\u00e9paration tient\u2026\u00a0\u00bb, l\u00e2che-t-il, craignant une nouvelle avarie.<\/p>\n<p>Car ce n\u2019est pas la premi\u00e8re fois que la machine plante pour une dur\u00e9e ind\u00e9termin\u00e9e. \u00c0 l\u2019arr\u00eat le 6\u00a0ao\u00fbt 2024, l\u2019ascenseur, dont la maintenance \u00e9tait d\u00e9j\u00e0 assur\u00e9e par la soci\u00e9t\u00e9 TK Elevator (TKE) pour le compte de l\u2019OMh, n\u2019avait \u00e9t\u00e9 remis en service que le 4\u00a0septembre\u00a0! Jusqu\u2019\u00e0 ce que la pi\u00e8ce d\u00e9faillante command\u00e9e en Angleterre, faute de stock, arrive \u00e0 Nancy.<\/p>\n<p>  Un stock de pi\u00e8ces \u00e0 cr\u00e9er<\/p>\n<p>En charge de la direction clients \u00e0 l\u2019OMh, Justinien Picard annonce qu\u2019une r\u00e9union doit se tenir la semaine prochaine avec l\u2019ascensoriste TKE afin qu\u2019il dispose \u00e0 l\u2019avenir d\u2019un stock permettant un d\u00e9pannage dans des d\u00e9lais beaucoup plus restreints d\u00e8s lors que l\u2019immeuble h\u00e9berge un public sensible.\u00a0Quatre b\u00e2timents sont concern\u00e9s sur le parc OMh.<\/p>\n<p>\u00ab\u00a0Nous allons exiger de la soci\u00e9t\u00e9 TKE qu\u2019elle ait du stock, au moins sur les organes principaux n\u00e9cessitant un d\u00e9lai important d\u2019approvisionnement. Nous avions d\u00e9j\u00e0 fait cette demande mais TKE n\u2019a pas suivi en raison du co\u00fbt. Cette fois, nous sommes pr\u00eats \u00e0 assumer l\u2019achat de ces pi\u00e8ces pour quelque 20\u00a0000\u00a0\u20ac concernant le 14, Charles-III\u00a0\u00bb, annonce Justinien Picard.<\/p>\n<p>\u00ab\u00a0Durant ces trois semaines d\u2019indisponibilit\u00e9, il y a eu huit interventions avec trois niveaux de pi\u00e8ces \u00e0 changer. Nous avons pu faire r\u00e9parer en France le variateur de fr\u00e9quence \u2013 avec une garantie \u2014 car c\u2019\u00e9tait l\u2019option la plus rapide. Une pi\u00e8ce neuve est quant \u00e0 elle attendue d\u2019Angleterre.\u00a0\u00bb<\/p>\n","protected":false},"excerpt":{"rendered":"\u00ab\u00a0Avant cette nouvelle panne, je sortais tous les jours pour acheter mon pain, faire mes courses\u2026 mais l\u00e0,&hellip;\n","protected":false},"author":2,"featured_media":652373,"comment_status":"","ping_status":"","sticky":false,"template":"","format":"standard","meta":{"footnotes":""},"categories":[9635],"tags":[1111,11,1704,1777,674,1011,27,775,1943,1908,1702,1703,12,25,104],"class_list":{"0":"post-652372","1":"post","2":"type-post","3":"status-publish","4":"format-standard","5":"has-post-thumbnail","7":"category-nancy","8":"tag-actu","9":"tag-actualites","10":"tag-edition-nancy-et-agglomeration","11":"tag-eu","12":"tag-europe","13":"tag-fr","14":"tag-france","15":"tag-grand-est","16":"tag-handicap","17":"tag-logement","18":"tag-nancy","19":"tag-nancy-ville-54b","20":"tag-news","21":"tag-republique-francaise","22":"tag-societe"},"share_on_mastodon":{"url":"https:\/\/pubeurope.com\/@fr\/115866843460138520","error":""},"_links":{"self":[{"href":"https:\/\/www.europesays.com\/fr\/wp-json\/wp\/v2\/posts\/652372","targetHints":{"allow":["GET"]}}],"collection":[{"href":"https:\/\/www.europesays.com\/fr\/wp-json\/wp\/v2\/posts"}],"about":[{"href":"https:\/\/www.europesays.com\/fr\/wp-json\/wp\/v2\/types\/post"}],"author":[{"embeddable":true,"href":"https:\/\/www.europesays.com\/fr\/wp-json\/wp\/v2\/users\/2"}],"replies":[{"embeddable":true,"href":"https:\/\/www.europesays.com\/fr\/wp-json\/wp\/v2\/comments?post=652372"}],"version-history":[{"count":0,"href":"https:\/\/www.europesays.com\/fr\/wp-json\/wp\/v2\/posts\/652372\/revisions"}],"wp:featuredmedia":[{"embeddable":true,"href":"https:\/\/www.europesays.com\/fr\/wp-json\/wp\/v2\/media\/652373"}],"wp:attachment":[{"href":"https:\/\/www.europesays.com\/fr\/wp-json\/wp\/v2\/media?parent=652372"}],"wp:term":[{"taxonomy":"category","embeddable":true,"href":"https:\/\/www.europesays.com\/fr\/wp-json\/wp\/v2\/categories?post=652372"},{"taxonomy":"post_tag","embeddable":true,"href":"https:\/\/www.europesays.com\/fr\/wp-json\/wp\/v2\/tags?post=652372"}],"curies":[{"name":"wp","href":"https:\/\/api.w.org\/{rel}","templated":true}]}}