{"id":652374,"date":"2026-01-09T19:41:10","date_gmt":"2026-01-09T19:41:10","guid":{"rendered":"https:\/\/www.europesays.com\/fr\/652374\/"},"modified":"2026-01-09T19:41:10","modified_gmt":"2026-01-09T19:41:10","slug":"charles-berling-soutient-la-maire-josee-massi-et-veut-peser-sur-les-municipales","status":"publish","type":"post","link":"https:\/\/www.europesays.com\/fr\/652374\/","title":{"rendered":"Charles Berling soutient la maire Jos\u00e9e Massi et veut peser sur les municipales"},"content":{"rendered":"<p class=\"fs-5 \">\u00ab En amoureux de sa ville, pas en tant que directeur de la sc\u00e8ne nationale Ch\u00e2teauvallon-Libert\u00e9. \u00bb Apr\u00e8s des semaines d\u2019observation de la vie politique toulonnaise et diverses rencontres, Charles Berling tient \u00e0 s\u2019engager dans la campagne des municipales.<\/p>\n<p class=\"fs-5 \">\u00c0 sa fa\u00e7on. D\u2019abord en rappelant l\u2019importance d\u2019aller voter. \u00ab Avec les r\u00e9seaux sociaux, le communautarisme, certains s\u2019\u00e9loignent de la d\u00e9mocratie, d\u00e9plore-t-il. Mais la vie politique, la vie publique, ce n\u2019est pas quelque chose qui se fait sans les citoyens. Qui qu\u2019on soit, on a le droit \u00e0 la parole. \u00bb<\/p>\n<p class=\"fs-5 \">Pour combattre l\u2019abstention, l\u2019artiste de 67 ans compte \u00ab faire du porte-\u00e0-porte \u00bb : \u00ab On ne doit pas abandonner le territoire commun. Si certains ont l\u2019impression que tous les politiques se valent, qu\u2019on est impuissant, c\u2019est faux ! On peut agir. J\u2019en suis la preuve. \u00bb<\/p>\n<p class=\"fs-5 \">Charles Berling, qui d\u00e9plore \u00ab un monde de plus en plus chaotique \u00bb, voit l\u2019\u00e9lection municipale \u00e0 Toulon comme \u00ab un facteur de stabilit\u00e9, de continuit\u00e9 \u00bb. \u00ab Plut\u00f4t que dire des saloperies et pol\u00e9miquer, il faut valoriser toutes les choses positives et ces gens qui ont envie de vivre ensemble en paix \u00bb, ajoute-t-il, en pr\u00e9ambule. Avant de s\u2019engager pour de vrai, \u00ab quitte \u00e0 prendre des coups \u00bb. Et en distribuer, aussi.<\/p>\n<p>                                                                                Le d\u00e9faut de Michel Bonnus<\/p>\n<p class=\"fs-5 \">Michel Bonnus, s\u00e9nateur LR en lice pour la mairie ? \u00ab C\u2019est un enfant du pays, une bonne personne. Le probl\u00e8me, c\u2019est sa proximit\u00e9 avec Bruno Retailleau (patron des R\u00e9publicains, Ndlr), qui m\u00e8ne une politique clivante, proche du RN, dans la haine de l\u2019autre, dans la r\u00e9pression. \u00bb Dans son tour des candidats, Charles Berling a \u00e9galement rencontr\u00e9 Magali Brunel, num\u00e9ro 1 de la liste de gauche Toulon en commun. \u00ab J\u2019ai beaucoup de sympathie pour la gauche qui a des id\u00e9es int\u00e9ressantes, qui travaille pour la jeunesse et lutte contre le communautarisme \u00bb, commente-t-il. Sans pour autant \u00eatre convaincu.<\/p>\n<p class=\"fs-5 \">Lui roule \u00e0 100 % pour <a href=\"https:\/\/www.nicematin.com\/societe\/politique\/pourquoi-la-maire-de-toulon-josee-massi-sera-egalement-candidate-a-l-election-municipale-de-2026-10663480\" target=\"_blank\" rel=\"noopener\">Jos\u00e9e Massi, qui se pr\u00e9pare \u00e0 officialiser sa candidature<\/a>. \u00ab Elle a envie d\u2019y aller, raconte-t-il. Je la pousse \u00e0 le faire. Il le faut. Elle est la plus \u00e0 m\u00eame de rassembler autour d\u2019elle les gens qui pensent que Toulon peut continuer \u00e0 se d\u00e9velopper.<\/p>\n<p class=\"fs-5 \">Est-ce qu\u2019on vire un maire qui a fait un bon boulot, au profit d\u2019autres candidats qui n\u2019ont jamais \u00e9t\u00e9 \u00e0 ce poste ? En trois ans, elle a un bilan formidable, dans la continuit\u00e9 de ce qui a \u00e9t\u00e9 fait par l\u2019\u00e9quipe d\u2019Hubert Falco depuis 2001.<\/p>\n<p class=\"fs-5 \">Et m\u00eame si ce n\u2019est pas un animal politique, qu\u2019elle n\u2019est pas carri\u00e9riste, elle peut \u00eatre tr\u00e8s utile pour l\u2019unit\u00e9 de sa ville, pour ne pas qu\u2019elle sombre dans le communautarisme. \u00bb Autres atouts : \u00ab Jos\u00e9e Massi est une femme int\u00e8gre, qui a une vraie vision pour Toulon. Elle incarne la force tranquille. Dans cette tourmente, elle a montr\u00e9 beaucoup de courage. Elle s\u2019est r\u00e9v\u00e9l\u00e9e. \u00bb<\/p>\n<p class=\"fs-5 \">Une prise de position qui risque de le f\u00e2cher avec son \u00ab ami Hubert \u00bb, ce dernier ayant retir\u00e9 son soutien \u00e0 Jos\u00e9e Massi pour rejoindre l\u2019\u00e9quipe Bonnus, en septembre. \u00ab Il a eu tort de le faire, je lui ai dit, confie Charles Berling. Il a fait du beau travail, mais dans sa douleur de ne plus \u00eatre au pouvoir, il peut faire des erreurs. Je pense qu\u2019il faut \u00eatre constant. \u00bb Autre constat : \u00ab Je l\u2019aime beaucoup, mais il n\u2019a pas su passer la main. \u00bb<\/p>\n<p>                                                                                Son combat contre l\u2019extr\u00eame droite<\/p>\n<p class=\"fs-5 \">Ce qu\u2019il pense de la d\u00e9put\u00e9e RN Laure Lavalette, pr\u00e9sent\u00e9e comme la favorite ? \u00ab Elle croit qu\u2019on va l\u2019\u00e9lire parce qu\u2019elle passe \u00e0 la t\u00e9loche ?, interpelle-t-il, tout en rappelant son pass\u00e9 d\u2019\u00e9tudiante bordelaise, proche du GUD.<\/p>\n<p class=\"fs-5 \">\u00c0 l\u2019Assembl\u00e9e, elle est porte-parole du Rassemblement national. Et \u00e0 Toulon, elle joue un jeu bizarre en faisant campagne sans \u00e9tiquette. Mais quelle tartufferie ! Qui soutient Lavalette ? Le RN. Et qui soutient le RN ? Bollor\u00e9, Trump, Poutine. C\u2019est \u00e7a que les gens veulent, se faire abuser ? Ils pensent que ses milliardaires travaillent pour l\u2019int\u00e9r\u00eat du peuple ? Quelle aberration, ils ne font que du business ! Ne c\u00e9dons pas \u00e0 ces sir\u00e8nes. \u00bb<\/p>\n<p class=\"fs-5 \">Pour lui, il y a \u00ab un vrai danger comme en 95 \u00bb, ann\u00e9e de la victoire de Jean-Marie Le Chevalier (candidat FN) \u00e0 Toulon. \u00ab Ce sont les m\u00eames \u00bb, avance-t-il, sans vraiment croire \u00e0 changement de ligne politique. \u00ab En homme libre \u00bb, Charles Berling \u00e9voque \u00ab les belles promesses \u00bb que Laure Lavalette lui a faites il y a un an alors qu\u2019il sait \u00ab qu\u2019elle \u00ab [le] d\u00e9teste \u00bb : \u00ab Elle avance masqu\u00e9e, mais n\u2019a pas encore les cl\u00e9s de la ville \u00bb.<\/p>\n<p class=\"fs-5 \">Pour aider Jos\u00e9e Massi, Charles Berling serait \u00e9galement pr\u00eat \u00e0 compl\u00e9ter sa liste, comme pour Hubert Falco en 2020. Il avait pourtant racont\u00e9 qu\u2019on ne l\u2019y reprendrait plus. \u00ab J\u2019ai r\u00e9fl\u00e9chi entre-temps, nuance le com\u00e9dien. C\u2019est une \u00e9ventualit\u00e9. \u00bb S\u2019il n\u2019est pas d\u00e9j\u00e0 trot tard, \u00e0 deux mois de l\u2019\u00e9lection ? \u00ab Pas s\u00fbr \u00bb, r\u00e9pond-il. Celui-ci compte \u00e9galement sur un front r\u00e9publicain au second tour. \u00ab La gauche, Massi et Bonnus devront s\u2019entendre pour la d\u00e9mocratie, insiste-t-il. C\u2019est bien qu\u2019ils se parlent \u00bb.<\/p>\n","protected":false},"excerpt":{"rendered":"\u00ab En amoureux de sa ville, pas en tant que directeur de la sc\u00e8ne nationale Ch\u00e2teauvallon-Libert\u00e9. \u00bb Apr\u00e8s&hellip;\n","protected":false},"author":2,"featured_media":652375,"comment_status":"","ping_status":"","sticky":false,"template":"","format":"standard","meta":{"footnotes":""},"categories":[9619],"tags":[1111,11,1777,674,1011,27,3434,12,882,25,2310],"class_list":{"0":"post-652374","1":"post","2":"type-post","3":"status-publish","4":"format-standard","5":"has-post-thumbnail","7":"category-toulon","8":"tag-actu","9":"tag-actualites","10":"tag-eu","11":"tag-europe","12":"tag-fr","13":"tag-france","14":"tag-municipales-2026","15":"tag-news","16":"tag-provence-alpes-cote-dazur","17":"tag-republique-francaise","18":"tag-toulon"},"share_on_mastodon":{"url":"https:\/\/pubeurope.com\/@fr\/115866847367190934","error":""},"_links":{"self":[{"href":"https:\/\/www.europesays.com\/fr\/wp-json\/wp\/v2\/posts\/652374","targetHints":{"allow":["GET"]}}],"collection":[{"href":"https:\/\/www.europesays.com\/fr\/wp-json\/wp\/v2\/posts"}],"about":[{"href":"https:\/\/www.europesays.com\/fr\/wp-json\/wp\/v2\/types\/post"}],"author":[{"embeddable":true,"href":"https:\/\/www.europesays.com\/fr\/wp-json\/wp\/v2\/users\/2"}],"replies":[{"embeddable":true,"href":"https:\/\/www.europesays.com\/fr\/wp-json\/wp\/v2\/comments?post=652374"}],"version-history":[{"count":0,"href":"https:\/\/www.europesays.com\/fr\/wp-json\/wp\/v2\/posts\/652374\/revisions"}],"wp:featuredmedia":[{"embeddable":true,"href":"https:\/\/www.europesays.com\/fr\/wp-json\/wp\/v2\/media\/652375"}],"wp:attachment":[{"href":"https:\/\/www.europesays.com\/fr\/wp-json\/wp\/v2\/media?parent=652374"}],"wp:term":[{"taxonomy":"category","embeddable":true,"href":"https:\/\/www.europesays.com\/fr\/wp-json\/wp\/v2\/categories?post=652374"},{"taxonomy":"post_tag","embeddable":true,"href":"https:\/\/www.europesays.com\/fr\/wp-json\/wp\/v2\/tags?post=652374"}],"curies":[{"name":"wp","href":"https:\/\/api.w.org\/{rel}","templated":true}]}}