{"id":652376,"date":"2026-01-09T19:42:11","date_gmt":"2026-01-09T19:42:11","guid":{"rendered":"https:\/\/www.europesays.com\/fr\/652376\/"},"modified":"2026-01-09T19:42:11","modified_gmt":"2026-01-09T19:42:11","slug":"toulon-mouvements-agricoles-lotre-tire-la-sonnette-dalarme-et-appelle-a-la-libre-circulation-des-biens-et-des-personnes","status":"publish","type":"post","link":"https:\/\/www.europesays.com\/fr\/652376\/","title":{"rendered":"TOULON : Mouvements Agricoles &#8211; L\u2019OTRE tire la sonnette d\u2019alarme et appelle \u00e0 la libre circulation des biens et des personnes"},"content":{"rendered":"<p><strong>Alors que de nouvelles mobilisations agricoles sont encore recens\u00e9es ce jour pour protester contre la gestion gouvernementale de la dermatose nodulaire dans les \u00e9levages et les cons\u00e9quences de l\u2019accord europ\u00e9en avec le Mercosur, l\u2019Organisation des transporteurs routiers europ\u00e9ens (OTRE), qui repr\u00e9sente des ETI, PME et TPE fran\u00e7aises, alerte sur les graves perturbations engendr\u00e9es par les blocages routiers.<\/strong>\u00a0<\/p>\n<p>\u00ab\u00a0Ces barrages, qui touchent plusieurs axes du territoire national, mettent directement en p\u00e9ril les entreprises du transport routier d\u00e9j\u00e0 tr\u00e8s fragilis\u00e9es par une crise \u00e9conomique profonde et durable.\u00a0Sur les 12 derniers mois au 30 avril 2025, 3 032 entreprises de transport routier de marchandises ont \u00e9t\u00e9 d\u00e9clar\u00e9es en d\u00e9faillance. 645 d\u00e9faillances ont \u00e9t\u00e9 enregistr\u00e9es au seul 2\u00e8me\u00a0trimestre 2025, soit pr\u00e8s de 10 entreprises liquid\u00e9es par jour au premier semestre 2025.<\/p>\n<p>\u00a0<strong>Si les transporteurs comprennent la d\u00e9tresse du monde agricole, l\u2019OTRE estime qu\u2019aucune action de contestation ne peut justifier la mise en p\u00e9ril d\u2019autres secteurs \u00e9conomiques essentiels.<\/strong> <\/p>\n<p>Dans un contexte de baisse des volumes transport\u00e9s, de hausse continue des co\u00fbts d\u2019exploitation et de marges durablement faibles, tout blocage des poids lourds ne peut qu\u2019aggraver la situation et d\u2019entrainer de nombreuses entreprises dans un pr\u00e9cipice.\u00a0Ces entraves \u00e0 la circulation, qui s\u2019ajoutent aux importantes difficult\u00e9s li\u00e9es au r\u00e9cent \u00e9pisode neigeux, entra\u00eenent par ailleurs un niveau accru de fatigue et de stress chez les conducteurs, augmentant significativement un risque routier d\u00e9j\u00e0 pr\u00e9occupant.<\/p>\n<p><strong>L\u2019OTRE appelle ainsi \u00e0 la lev\u00e9e imm\u00e9diate des barrages<\/strong>, demande aux agriculteurs de ne pas entraver la circulation des v\u00e9hicules, notamment des poids lourds, et aux autorit\u00e9s publiques de garantir la libre circulation des transports routiers sur l\u2019ensemble du territoire\u00a0\u00bb.<\/p>\n<p><strong>\u00c0 propos de l\u2019OTRE<\/strong><\/p>\n<p>L\u2019Organisation des Transporteurs Routiers Europ\u00e9ens (OTRE) repr\u00e9sente les entreprises de transport routier et prestataires logistiques fran\u00e7aises, majoritairement des ETI, PME et TPE \u00e0 capitaux patrimoniaux. Elle d\u00e9fend au quotidien leurs int\u00e9r\u00eats aupr\u00e8s des pouvoirs publics, dans les n\u00e9gociations sociales de branche et au sein des instances professionnelles nationales et europ\u00e9ennes. Au 31 d\u00e9cembre 2024, elle repr\u00e9sente 3600 entreprises adh\u00e9rentes pour 110.000 salari\u00e9s.<\/p>\n<p><strong>Maison du transporteur <\/strong><\/p>\n<p><strong>B.P. 349 Z.I. Toulon EST<\/strong><\/p>\n<p><strong>Avenue Lavoisier<\/strong><\/p>\n<p><strong>83077 TOULON CEDEX 9<\/strong><\/p>\n","protected":false},"excerpt":{"rendered":"Alors que de nouvelles mobilisations agricoles sont encore recens\u00e9es ce jour pour protester contre la gestion gouvernementale de&hellip;\n","protected":false},"author":2,"featured_media":652377,"comment_status":"","ping_status":"","sticky":false,"template":"","format":"standard","meta":{"footnotes":""},"categories":[9619],"tags":[1111,11,1777,674,1011,27,12,882,25,2310],"class_list":{"0":"post-652376","1":"post","2":"type-post","3":"status-publish","4":"format-standard","5":"has-post-thumbnail","7":"category-toulon","8":"tag-actu","9":"tag-actualites","10":"tag-eu","11":"tag-europe","12":"tag-fr","13":"tag-france","14":"tag-news","15":"tag-provence-alpes-cote-dazur","16":"tag-republique-francaise","17":"tag-toulon"},"share_on_mastodon":{"url":"https:\/\/pubeurope.com\/@fr\/115866851424603333","error":""},"_links":{"self":[{"href":"https:\/\/www.europesays.com\/fr\/wp-json\/wp\/v2\/posts\/652376","targetHints":{"allow":["GET"]}}],"collection":[{"href":"https:\/\/www.europesays.com\/fr\/wp-json\/wp\/v2\/posts"}],"about":[{"href":"https:\/\/www.europesays.com\/fr\/wp-json\/wp\/v2\/types\/post"}],"author":[{"embeddable":true,"href":"https:\/\/www.europesays.com\/fr\/wp-json\/wp\/v2\/users\/2"}],"replies":[{"embeddable":true,"href":"https:\/\/www.europesays.com\/fr\/wp-json\/wp\/v2\/comments?post=652376"}],"version-history":[{"count":0,"href":"https:\/\/www.europesays.com\/fr\/wp-json\/wp\/v2\/posts\/652376\/revisions"}],"wp:featuredmedia":[{"embeddable":true,"href":"https:\/\/www.europesays.com\/fr\/wp-json\/wp\/v2\/media\/652377"}],"wp:attachment":[{"href":"https:\/\/www.europesays.com\/fr\/wp-json\/wp\/v2\/media?parent=652376"}],"wp:term":[{"taxonomy":"category","embeddable":true,"href":"https:\/\/www.europesays.com\/fr\/wp-json\/wp\/v2\/categories?post=652376"},{"taxonomy":"post_tag","embeddable":true,"href":"https:\/\/www.europesays.com\/fr\/wp-json\/wp\/v2\/tags?post=652376"}],"curies":[{"name":"wp","href":"https:\/\/api.w.org\/{rel}","templated":true}]}}