{"id":652382,"date":"2026-01-09T19:45:09","date_gmt":"2026-01-09T19:45:09","guid":{"rendered":"https:\/\/www.europesays.com\/fr\/652382\/"},"modified":"2026-01-09T19:45:09","modified_gmt":"2026-01-09T19:45:09","slug":"apres-les-intemperies-voici-les-vide-greniers-prevus-ce-week-end-en-seine-maritime","status":"publish","type":"post","link":"https:\/\/www.europesays.com\/fr\/652382\/","title":{"rendered":"Apr\u00e8s les intemp\u00e9ries, voici les vide-greniers pr\u00e9vus ce week-end en Seine-Maritime"},"content":{"rendered":"<p>                    Par<br \/>\n        <strong><br \/>\n            <a href=\"https:\/\/actu.fr\/auteur\/yann-rivallan\" title=\"Consulter tous les articles de Yann Rivallan\" target=\"_blank\" rel=\"noopener\">Yann Rivallan<\/a><br \/>\n                    <\/strong><\/p>\n<p>        Publi\u00e9 le<\/p>\n<p>            9 janv. 2026 \u00e0 18h51        <\/p>\n<p>Envie de chiner apr\u00e8s une semaine marqu\u00e9e par les intemp\u00e9ries\u2009? Comme \u00e0 son habitude, la r\u00e9daction de 76actu vous liste <strong>les vide-greniers<\/strong> pr\u00e9vus durant le week-end en <a href=\"https:\/\/actu.fr\/normandie\/seine-maritime_76\" target=\"_blank\" rel=\"noopener\">Seine-Maritime<\/a>. Aucun \u00e9v\u00e9nement n\u2019est pr\u00e9vu samedi mais voici ce qui est pr\u00e9vu <strong>dimanche 11\u00a0janvier 2026<\/strong>.<\/p>\n<p>Les foires \u00e0 tout du dimanche<\/p>\n<p class=\" wall-content\">\u2022 <strong>F\u00e9camp\u2009:<\/strong> vide-greniers \u00e0 la salle polyvalente Jean-Bouin, de 8h \u00e0 17h. Entr\u00e9e\u2009: 1\u00a0euro. Moins de 50\u00a0exposants.<\/p>\n<p class=\" wall-content\">\u2022 <strong>Gainneville\u2009:<\/strong> vide-greniers \u00e0 la salle du Grenier \u00e0 sel, de 8h \u00e0 17h. Entr\u00e9e\u2009: 1\u00a0euro. Moins de 50\u00a0exposants.<\/p>\n<p class=\" wall-content\">\u2022 <strong>Le\u00a0Havre\u2009:<\/strong> vide-greniers \u00e0 la salle des f\u00eates de Bl\u00e9ville, de 9h \u00e0 17h. Entr\u00e9e\u2009: 1\u00a0euro. Entre 50 et 100\u00a0exposants.<\/p>\n<p class=\" wall-content\">\u2022 <strong>Tancarville\u2009:<\/strong> vide-greniers \u00e0 la salle polyvalente situ\u00e9e au 13 rue du Petit-Mont, de 7h30 \u00e0 17h. Entr\u00e9e\u2009: 1\u00a0euro. Moins de 50\u00a0exposants.<\/p>\n<p class=\" wall-content\">Personnalisez votre actualit\u00e9 en ajoutant vos villes et m\u00e9dias en favori avec <a href=\"https:\/\/moncompte.actu.fr\" title=\"D\u00e9couvez Mon Actu\" rel=\"nofollow noopener\" data-trk=\"{&quot;cta&quot;:{&quot;action&quot;:&quot;https:\\\/\\\/moncompte.actu.fr&quot;,&quot;category&quot;:&quot;mon compte&quot;,&quot;from&quot;:&quot;article footer&quot;,&quot;name&quot;:&quot;Mon actu&quot;,&quot;type&quot;:&quot;cta&quot;}}\" target=\"_blank\">Mon Actu<\/a>.<\/p>\n","protected":false},"excerpt":{"rendered":"Par Yann Rivallan Publi\u00e9 le 9 janv. 2026 \u00e0 18h51 Envie de chiner apr\u00e8s une semaine marqu\u00e9e par&hellip;\n","protected":false},"author":2,"featured_media":652383,"comment_status":"","ping_status":"","sticky":false,"template":"","format":"standard","meta":{"footnotes":""},"categories":[9587],"tags":[1111,11,1777,674,10087,1011,27,1652,12,5161,25,9590,3365],"class_list":{"0":"post-652382","1":"post","2":"type-post","3":"status-publish","4":"format-standard","5":"has-post-thumbnail","7":"category-rouen","8":"tag-actu","9":"tag-actualites","10":"tag-eu","11":"tag-europe","12":"tag-foires-a-tout","13":"tag-fr","14":"tag-france","15":"tag-loisirs-culture","16":"tag-news","17":"tag-normandie","18":"tag-republique-francaise","19":"tag-rouen","20":"tag-vide-greniers"},"share_on_mastodon":{"url":"https:\/\/pubeurope.com\/@fr\/115866863083128287","error":""},"_links":{"self":[{"href":"https:\/\/www.europesays.com\/fr\/wp-json\/wp\/v2\/posts\/652382","targetHints":{"allow":["GET"]}}],"collection":[{"href":"https:\/\/www.europesays.com\/fr\/wp-json\/wp\/v2\/posts"}],"about":[{"href":"https:\/\/www.europesays.com\/fr\/wp-json\/wp\/v2\/types\/post"}],"author":[{"embeddable":true,"href":"https:\/\/www.europesays.com\/fr\/wp-json\/wp\/v2\/users\/2"}],"replies":[{"embeddable":true,"href":"https:\/\/www.europesays.com\/fr\/wp-json\/wp\/v2\/comments?post=652382"}],"version-history":[{"count":0,"href":"https:\/\/www.europesays.com\/fr\/wp-json\/wp\/v2\/posts\/652382\/revisions"}],"wp:featuredmedia":[{"embeddable":true,"href":"https:\/\/www.europesays.com\/fr\/wp-json\/wp\/v2\/media\/652383"}],"wp:attachment":[{"href":"https:\/\/www.europesays.com\/fr\/wp-json\/wp\/v2\/media?parent=652382"}],"wp:term":[{"taxonomy":"category","embeddable":true,"href":"https:\/\/www.europesays.com\/fr\/wp-json\/wp\/v2\/categories?post=652382"},{"taxonomy":"post_tag","embeddable":true,"href":"https:\/\/www.europesays.com\/fr\/wp-json\/wp\/v2\/tags?post=652382"}],"curies":[{"name":"wp","href":"https:\/\/api.w.org\/{rel}","templated":true}]}}