{"id":652388,"date":"2026-01-09T19:48:13","date_gmt":"2026-01-09T19:48:13","guid":{"rendered":"https:\/\/www.europesays.com\/fr\/652388\/"},"modified":"2026-01-09T19:48:13","modified_gmt":"2026-01-09T19:48:13","slug":"les-communes-la-metro-et-le-departement-face-a-la-neige","status":"publish","type":"post","link":"https:\/\/www.europesays.com\/fr\/652388\/","title":{"rendered":"les communes, la M\u00e9tro et le D\u00e9partement face \u00e0 la neige"},"content":{"rendered":"<p>Alors que l\u2019hi\u00adver se montre rude, que des chutes de neige s\u2019en\u00adcha\u00eenent et que cer\u00adtains auto\u00admo\u00adbi\u00adlistes pestent contre les rues et routes par\u00adfois \u00ab\u00a0mal d\u00e9ga\u00adg\u00e9es\u00a0\u00bb, qui est res\u00adpon\u00adsable des\u00a0op\u00e9\u00adra\u00adtions de \u00ab\u00a0via\u00adbi\u00adlit\u00e9 hiver\u00adnale\u00a0\u00bb\u00a0? En r\u00e9a\u00adlit\u00e9, les com\u00admunes, sou\u00advent incri\u00admi\u00adn\u00e9es, doivent prendre en charge les rues, les voies cyclables, de bus et de trams ainsi que les abords des b\u00e2ti\u00adments publics. Mais elles ne doivent pas tout\u00a0g\u00e9rer.<\/p>\n<p>La M\u00e9tropole de Grenoble g\u00e8re en effet 450\u00a0km de routes d\u00e9par\u00adte\u00admen\u00adtales, via un trans\u00adfert de ges\u00adtion du D\u00e9partement. Parmi celles-ci, des axes de mon\u00adtagne, comme la RD512, \u00ab\u00a0r\u00e9gu\u00adli\u00e8\u00adre\u00adment sou\u00admis \u00e0 du ver\u00adglas ou de la neige en hiver\u00a0\u00bb.<\/p>\n<p><a href=\"https:\/\/www.europesays.com\/fr\/wp-content\/uploads\/2026\/01\/grenoble-neige-voitures-decembre-2022-scaled.jpg\" target=\"_blank\" rel=\"noopener\"><img fetchpriority=\"high\" decoding=\"async\" aria-describedby=\"caption-attachment-668732\" class=\"wp-image-668732 size-full\" src=\"data:image\/svg+xml,%3Csvg%20xmlns=\" http:=\"\" alt=\"Rouler ou marcher sur les trottoirs par temps de neige \u00e0 Grenoble peut s'av\u00e9rer (un peu) ardu. Ici, un \u00e9pisode neigeux en d\u00e9cembre 2022. \u00a9 Florent Mathieu - Place Gre'net\" width=\"2048\" height=\"1532\" data-lazy- data-lazy- data-lazy-src=\"https:\/\/www.europesays.com\/fr\/wp-content\/uploads\/2026\/01\/grenoble-neige-voitures-decembre-2022-scaled.jpg\"\/><\/a><\/p>\n<p id=\"caption-attachment-668732\" class=\"wp-caption-text\">Rouler ou mar\u00adcher sur les trot\u00adtoirs par temps de neige \u00e0 Grenoble peut s\u2019a\u00adv\u00e9\u00adrer (un peu) ardu. Ici, un \u00e9pi\u00adsode nei\u00adgeux en d\u00e9cembre 2022. \u00a9 Florent Mathieu \u2013 Place Gre\u2019net<\/p>\n<p>Dans ce contexte de cir\u00adcu\u00adla\u00adtion dif\u00adfi\u00adcile et face aux n\u00e9ces\u00adsi\u00adt\u00e9s de d\u00e9nei\u00adge\u00adment, la M\u00e9tropole affirme \u00eatre plei\u00adne\u00adment mobi\u00adli\u00ads\u00e9e. Elle a ainsi assur\u00e9, le jeudi 8 jan\u00advier 2026, \u00ab\u00a0anti\u00adci\u00adper au mieux les ph\u00e9\u00adno\u00adm\u00e8nes m\u00e9t\u00e9o\u00adro\u00adlo\u00adgiques pour main\u00adte\u00adnir de bonnes condi\u00adtions de cir\u00adcu\u00adla\u00adtion\u00a0\u00bb, face \u00e0 la neige mais aussi au ver\u00adglas, au brouillard givrants ou aux gel\u00e9es blanches.<\/p>\n<p>\u00ab\u00a0Du 15 novembre au 15 mars, les \u00e9quipes m\u00e9tro\u00adpo\u00adli\u00adtaines de la voi\u00adrie patrouillent sur le ter\u00adri\u00adtoire pour inter\u00adve\u00adnir \u00e0 temps et per\u00admettre aux auto\u00admo\u00adbi\u00adlistes de cir\u00adcu\u00adler dans les meilleures condi\u00adtions pos\u00adsibles\u00a0\u00bb, d\u00e9crit ainsi la M\u00e9tropole. Au total, 40 agents sont char\u00adg\u00e9s de veiller sur les voies pour garan\u00adtir les meilleures condi\u00adtions de cir\u00adcu\u00adla\u00adtion pos\u00adsibles, \u00e0 la faveur d\u2019o\u00adp\u00e9\u00adra\u00adtions de salage ou de d\u00e9neigement.<\/p>\n","protected":false},"excerpt":{"rendered":"Alors que l\u2019hi\u00adver se montre rude, que des chutes de neige s\u2019en\u00adcha\u00eenent et que cer\u00adtains auto\u00admo\u00adbi\u00adlistes pestent contre&hellip;\n","protected":false},"author":2,"featured_media":652389,"comment_status":"","ping_status":"","sticky":false,"template":"","format":"standard","meta":{"footnotes":""},"categories":[9566],"tags":[1111,11,2430,1777,674,1011,27,2731,12,25],"class_list":{"0":"post-652388","1":"post","2":"type-post","3":"status-publish","4":"format-standard","5":"has-post-thumbnail","7":"category-grenoble","8":"tag-actu","9":"tag-actualites","10":"tag-auvergne-rhone-alpes","11":"tag-eu","12":"tag-europe","13":"tag-fr","14":"tag-france","15":"tag-grenoble","16":"tag-news","17":"tag-republique-francaise"},"share_on_mastodon":{"url":"https:\/\/pubeurope.com\/@fr\/115866875068815942","error":""},"_links":{"self":[{"href":"https:\/\/www.europesays.com\/fr\/wp-json\/wp\/v2\/posts\/652388","targetHints":{"allow":["GET"]}}],"collection":[{"href":"https:\/\/www.europesays.com\/fr\/wp-json\/wp\/v2\/posts"}],"about":[{"href":"https:\/\/www.europesays.com\/fr\/wp-json\/wp\/v2\/types\/post"}],"author":[{"embeddable":true,"href":"https:\/\/www.europesays.com\/fr\/wp-json\/wp\/v2\/users\/2"}],"replies":[{"embeddable":true,"href":"https:\/\/www.europesays.com\/fr\/wp-json\/wp\/v2\/comments?post=652388"}],"version-history":[{"count":0,"href":"https:\/\/www.europesays.com\/fr\/wp-json\/wp\/v2\/posts\/652388\/revisions"}],"wp:featuredmedia":[{"embeddable":true,"href":"https:\/\/www.europesays.com\/fr\/wp-json\/wp\/v2\/media\/652389"}],"wp:attachment":[{"href":"https:\/\/www.europesays.com\/fr\/wp-json\/wp\/v2\/media?parent=652388"}],"wp:term":[{"taxonomy":"category","embeddable":true,"href":"https:\/\/www.europesays.com\/fr\/wp-json\/wp\/v2\/categories?post=652388"},{"taxonomy":"post_tag","embeddable":true,"href":"https:\/\/www.europesays.com\/fr\/wp-json\/wp\/v2\/tags?post=652388"}],"curies":[{"name":"wp","href":"https:\/\/api.w.org\/{rel}","templated":true}]}}