{"id":652394,"date":"2026-01-09T19:51:11","date_gmt":"2026-01-09T19:51:11","guid":{"rendered":"https:\/\/www.europesays.com\/fr\/652394\/"},"modified":"2026-01-09T19:51:11","modified_gmt":"2026-01-09T19:51:11","slug":"strasbourg-plusieurs-dizaines-denfants-evacues-apres-un-incendie-a-lecole-du-stockfeld","status":"publish","type":"post","link":"https:\/\/www.europesays.com\/fr\/652394\/","title":{"rendered":"Strasbourg. Plusieurs dizaines d&rsquo;enfants \u00e9vacu\u00e9s apr\u00e8s un incendie \u00e0 l&rsquo;\u00e9cole du Stockfeld"},"content":{"rendered":"<p class=\"xsm-p emxed-markup\">Un incendie s\u2019est d\u00e9clar\u00e9 vendredi 9\u00a0janvier vers 17\u00a0h\u00a040 \u00e0 l\u2019\u00e9cole primaire du Stockfeld, situ\u00e9e rue du Loriot, au sud de Strasbourg.<\/p>\n<p class=\"xsm-p emxed-markup\">Les secours ont \u00e9t\u00e9 appel\u00e9s pour un d\u00e9gagement de fum\u00e9e au rez-de-chauss\u00e9e et au sous-sol de ce b\u00e2timent embl\u00e9matique du quartier, construit dans les ann\u00e9es 1930. \u00ab\u00a0La fum\u00e9e provenait d\u2019un local technique informatique\u00a0\u00bb, pr\u00e9cise Nadia Zourgui, adjointe \u00e0 la maire de Strasbourg en charge de la s\u00e9curit\u00e9.<\/p>\n<p>Une quaraintaine de \u00a0sapeurs-pompiers mobilis\u00e9s<\/p>\n<p class=\"xsm-p emxed-markup\">Toutes les personnes pr\u00e9sentes, dont plusieurs dizaines d\u2019enfants accueillis dans le cadre p\u00e9riscolaire, ont \u00e9t\u00e9 \u00e9vacu\u00e9es.<\/p>\n<p class=\"xsm-p emxed-markup\">Une quarantaine de sapeurs-pompiers ont \u00e9t\u00e9 d\u00e9p\u00each\u00e9s sur les lieux, \u00e0 bord d\u2019une vingtaine d\u2019engins. Le feu a \u00e9t\u00e9 rapidement ma\u00eetris\u00e9. Des personnes impliqu\u00e9es ont \u00e9t\u00e9 examin\u00e9es sur place, dont \u00ab\u00a0le concierge de l\u2019\u00e9cole\u00a0\u00bb qui avait \u00ab\u00a0inhal\u00e9 des fum\u00e9es\u00a0\u00bb, pr\u00e9cise l\u2019\u00e9lue.<\/p>\n<p class=\"xsm-p emxed-markup\">L\u2019\u00e9cole primaire du Stockfeld accueille environ 300 \u00e9l\u00e8ves. L\u2019origine du sinistre est inconnue \u00e0 ce stade. \u00ab\u00a0Les portes de s\u00e9curit\u00e9 incendie ont jou\u00e9 leur r\u00f4le\u00a0\u00bb et \u00ab\u00a0il n\u2019y a pas d\u2019autres d\u00e9g\u00e2ts en dehors du local informatique\u00a0\u00bb, se r\u00e9jouit Nadia Zourgui.<\/p>\n","protected":false},"excerpt":{"rendered":"Un incendie s\u2019est d\u00e9clar\u00e9 vendredi 9\u00a0janvier vers 17\u00a0h\u00a040 \u00e0 l\u2019\u00e9cole primaire du Stockfeld, situ\u00e9e rue du Loriot, au&hellip;\n","protected":false},"author":2,"featured_media":652395,"comment_status":"","ping_status":"","sticky":false,"template":"","format":"standard","meta":{"footnotes":""},"categories":[2820],"tags":[1111,11,2880,1777,674,274,107,1011,27,775,1310,12,25,640,2879],"class_list":{"0":"post-652394","1":"post","2":"type-post","3":"status-publish","4":"format-standard","5":"has-post-thumbnail","7":"category-strasbourg","8":"tag-actu","9":"tag-actualites","10":"tag-edition-strasbourg","11":"tag-eu","12":"tag-europe","13":"tag-faits-divers-justice","14":"tag-fil-info","15":"tag-fr","16":"tag-france","17":"tag-grand-est","18":"tag-incendie","19":"tag-news","20":"tag-republique-francaise","21":"tag-strasbourg","22":"tag-strasbourg-ville"},"share_on_mastodon":{"url":"https:\/\/pubeurope.com\/@fr\/115866886713437312","error":""},"_links":{"self":[{"href":"https:\/\/www.europesays.com\/fr\/wp-json\/wp\/v2\/posts\/652394","targetHints":{"allow":["GET"]}}],"collection":[{"href":"https:\/\/www.europesays.com\/fr\/wp-json\/wp\/v2\/posts"}],"about":[{"href":"https:\/\/www.europesays.com\/fr\/wp-json\/wp\/v2\/types\/post"}],"author":[{"embeddable":true,"href":"https:\/\/www.europesays.com\/fr\/wp-json\/wp\/v2\/users\/2"}],"replies":[{"embeddable":true,"href":"https:\/\/www.europesays.com\/fr\/wp-json\/wp\/v2\/comments?post=652394"}],"version-history":[{"count":0,"href":"https:\/\/www.europesays.com\/fr\/wp-json\/wp\/v2\/posts\/652394\/revisions"}],"wp:featuredmedia":[{"embeddable":true,"href":"https:\/\/www.europesays.com\/fr\/wp-json\/wp\/v2\/media\/652395"}],"wp:attachment":[{"href":"https:\/\/www.europesays.com\/fr\/wp-json\/wp\/v2\/media?parent=652394"}],"wp:term":[{"taxonomy":"category","embeddable":true,"href":"https:\/\/www.europesays.com\/fr\/wp-json\/wp\/v2\/categories?post=652394"},{"taxonomy":"post_tag","embeddable":true,"href":"https:\/\/www.europesays.com\/fr\/wp-json\/wp\/v2\/tags?post=652394"}],"curies":[{"name":"wp","href":"https:\/\/api.w.org\/{rel}","templated":true}]}}