{"id":652406,"date":"2026-01-09T19:57:10","date_gmt":"2026-01-09T19:57:10","guid":{"rendered":"https:\/\/www.europesays.com\/fr\/652406\/"},"modified":"2026-01-09T19:57:10","modified_gmt":"2026-01-09T19:57:10","slug":"pres-de-bordeaux-un-mineur-enleve-et-sequestre-par-des-ravisseurs-masques-une-enquete-ouverte","status":"publish","type":"post","link":"https:\/\/www.europesays.com\/fr\/652406\/","title":{"rendered":"Pr\u00e8s de Bordeaux, un mineur enlev\u00e9 et s\u00e9questr\u00e9 par des ravisseurs masqu\u00e9s : une enqu\u00eate ouverte"},"content":{"rendered":"<p>                    Par<br \/>\n        <strong><br \/>\n            <a href=\"https:\/\/actu.fr\/auteur\/julian-doubax\" title=\"Consulter tous les articles de Julian Doubax\" target=\"_blank\" rel=\"noopener\">Julian Doubax<\/a><br \/>\n                    <\/strong><\/p>\n<p>        Publi\u00e9 le<\/p>\n<p>            9 janv. 2026 \u00e0 19h19        <\/p>\n<p>Le <a href=\"https:\/\/actu.fr\/nouvelle-aquitaine\/bordeaux_33063\/il-commanditait-des-viols-d-enfants-en-ligne-a-l-etranger-depuis-bordeaux-le-suspect-mis-en-examen_63133071.html\" target=\"_blank\" rel=\"noopener\">parquet de Bordeaux<\/a> a annonc\u00e9, ce vendredi 9 janvier 2026,\u00a0 l\u2019ouverture d\u2019une enqu\u00eate pour \u00ab\u00a0s\u00e9questration\u00a0\u00bb avec \u00ab\u00a0torture ou acte de barbarie\u00a0\u00bb d\u2019un mineur de 17 ans <strong>hospitalis\u00e9<\/strong> pour plusieurs plaies et br\u00fblures graves aux yeux et \u00e0 la main. Les faits se sont d\u00e9roul\u00e9s \u00e0 Lormont, pr\u00e8s de Bordeaux.\u00a0<\/p>\n<p>Un enl\u00e8vement\u00a0<\/p>\n<p class=\" wall-content\">L\u2019adolescent \u00ab\u00a0aurait \u00e9t\u00e9 enlev\u00e9\u00a0\u00bb mercredi 7 janvier, dans la soir\u00e9e, \u00ab\u00a0sur la voie publique\u00a0\u00bb \u00e0 <a href=\"https:\/\/actu.fr\/nouvelle-aquitaine\/lormont_33249\" target=\"_blank\" rel=\"noopener\">Lormont<\/a> (Gironde) \u00ab\u00a0par plusieurs individus qui lui auraient ensuite inflig\u00e9 de tr\u00e8s graves blessures constat\u00e9es\u00a0\u00bb.<\/p>\n<p class=\" wall-content\">\u00ab\u00a0Le mobile de cet <strong>enl\u00e8vement<\/strong> suivi d\u2019actes de torture reste \u00e0 \u00e9tablir\u00a0\u00bb, a pr\u00e9cis\u00e9 le parquet \u00e0 l\u2019AFP. De source polici\u00e8re, la victime, d\u00e9pos\u00e9e \u00e0 l\u2019h\u00f4pital vers 23h10 mercredi, est connue des services judiciaires et a indiqu\u00e9 que ses trois ravisseurs avaient le <strong>visage masqu\u00e9<\/strong>.<\/p>\n<p class=\" wall-content\">L\u2019enqu\u00eate a \u00e9t\u00e9 confi\u00e9e \u00e0 la division de la criminalit\u00e9 organis\u00e9e et sp\u00e9cialis\u00e9e de Bordeaux et est ouverte \u00ab\u00a0du chef notamment d\u2019arrestation, enl\u00e8vement, s\u00e9questration ou d\u00e9tention arbitraire avec torture ou acte de barbarie commis en bande organis\u00e9e\u00a0\u00bb, a encore pr\u00e9cis\u00e9 le parquet.<\/p>\n<p class=\" wall-content\"><strong>Avec AFP<\/strong><\/p>\n<p class=\" wall-content\">Personnalisez votre actualit\u00e9 en ajoutant vos villes et m\u00e9dias en favori avec <a href=\"https:\/\/moncompte.actu.fr\" title=\"D\u00e9couvez Mon Actu\" rel=\"nofollow noopener\" data-trk=\"{&quot;cta&quot;:{&quot;action&quot;:&quot;https:\\\/\\\/moncompte.actu.fr&quot;,&quot;category&quot;:&quot;mon compte&quot;,&quot;from&quot;:&quot;article footer&quot;,&quot;name&quot;:&quot;Mon actu&quot;,&quot;type&quot;:&quot;cta&quot;}}\" target=\"_blank\">Mon Actu<\/a>.<\/p>\n","protected":false},"excerpt":{"rendered":"Par Julian Doubax Publi\u00e9 le 9 janv. 2026 \u00e0 19h19 Le parquet de Bordeaux a annonc\u00e9, ce vendredi&hellip;\n","protected":false},"author":2,"featured_media":652407,"comment_status":"","ping_status":"","sticky":false,"template":"","format":"standard","meta":{"footnotes":""},"categories":[2817],"tags":[1111,11,1997,1777,674,118,1011,27,303,12,2219,1072,25,7559],"class_list":{"0":"post-652406","1":"post","2":"type-post","3":"status-publish","4":"format-standard","5":"has-post-thumbnail","7":"category-bordeaux","8":"tag-actu","9":"tag-actualites","10":"tag-bordeaux","11":"tag-eu","12":"tag-europe","13":"tag-faits-divers","14":"tag-fr","15":"tag-france","16":"tag-justice","17":"tag-news","18":"tag-nouvelle-aquitaine","19":"tag-police","20":"tag-republique-francaise","21":"tag-tribunal-de-bordeaux"},"share_on_mastodon":{"url":"https:\/\/pubeurope.com\/@fr\/115866910385519778","error":""},"_links":{"self":[{"href":"https:\/\/www.europesays.com\/fr\/wp-json\/wp\/v2\/posts\/652406","targetHints":{"allow":["GET"]}}],"collection":[{"href":"https:\/\/www.europesays.com\/fr\/wp-json\/wp\/v2\/posts"}],"about":[{"href":"https:\/\/www.europesays.com\/fr\/wp-json\/wp\/v2\/types\/post"}],"author":[{"embeddable":true,"href":"https:\/\/www.europesays.com\/fr\/wp-json\/wp\/v2\/users\/2"}],"replies":[{"embeddable":true,"href":"https:\/\/www.europesays.com\/fr\/wp-json\/wp\/v2\/comments?post=652406"}],"version-history":[{"count":0,"href":"https:\/\/www.europesays.com\/fr\/wp-json\/wp\/v2\/posts\/652406\/revisions"}],"wp:featuredmedia":[{"embeddable":true,"href":"https:\/\/www.europesays.com\/fr\/wp-json\/wp\/v2\/media\/652407"}],"wp:attachment":[{"href":"https:\/\/www.europesays.com\/fr\/wp-json\/wp\/v2\/media?parent=652406"}],"wp:term":[{"taxonomy":"category","embeddable":true,"href":"https:\/\/www.europesays.com\/fr\/wp-json\/wp\/v2\/categories?post=652406"},{"taxonomy":"post_tag","embeddable":true,"href":"https:\/\/www.europesays.com\/fr\/wp-json\/wp\/v2\/tags?post=652406"}],"curies":[{"name":"wp","href":"https:\/\/api.w.org\/{rel}","templated":true}]}}