{"id":652414,"date":"2026-01-09T20:01:22","date_gmt":"2026-01-09T20:01:22","guid":{"rendered":"https:\/\/www.europesays.com\/fr\/652414\/"},"modified":"2026-01-09T20:01:22","modified_gmt":"2026-01-09T20:01:22","slug":"decouvrez-la-nouvelle-saison-culturelle-2026-de-la-mediatheque","status":"publish","type":"post","link":"https:\/\/www.europesays.com\/fr\/652414\/","title":{"rendered":"D\u00e9couvrez la nouvelle saison culturelle 2026 de la M\u00e9diath\u00e8que"},"content":{"rendered":"<p class=\"introduction\">De janvier \u00e0 juillet 2026, \u00ab\u00a0La Grand-Plage\u00a0\u00bb, la M\u00e9diath\u00e8que de Roubaix d\u00e9ploie une programmation culturelle riche, diverse\u2026 et enti\u00e8rement gratuite. Entre ateliers num\u00e9riques, spectacles th\u00e9matiques sur la joie et week-ends festifs, d\u00e9couvrez les temps forts qui rythmeront la vie des Roubaisiens ce semestre.<\/p>\n<p>La m\u00e9diath\u00e8que La Grand-Plage n\u2019est pas qu\u2019un simple lieu d\u2019emprunt de livres. C\u2019est un v\u00e9ritable p\u00f4le de vie qui vous accueille du mardi au dimanche avec des services vari\u00e9s comme l\u2019\u00e9crivain public ou l\u2019assistance num\u00e9rique personnalis\u00e9e.<\/p>\n<p>Un semestre plac\u00e9 sous le signe de la Joie<\/p>\n<p>Cette saison, la M\u00e9diath\u00e8que pose un \u00ab\u00a0<strong>Regards sur : la joie<\/strong>\u00ab\u00a0. \u00c0 travers des spectacles comme <a href=\"http:\/\/www.mediathequederoubaix.fr\/agenda\/regards-sur-joie-marcelle-lumanite\" target=\"_blank\" rel=\"noopener\">Marcelle Lumanit\u00e9<\/a> (le 31 janvier), une ode malicieuse au bonheur d\u2019\u00eatre ensemble, ou des ateliers d\u2019\u00e9criture anim\u00e9s par Fran\u00e7oise pour explorer la joie comme moteur litt\u00e9raire , l\u2019institution invite chacun \u00e0 cultiver cette \u00e9motion motrice.<\/p>\n<p>Les temps forts \u00e0 ne pas manquer<\/p>\n<p>Le calendrier 2026 est ponctu\u00e9 d\u2019\u00e9v\u00e9nements th\u00e9matiques majeurs :<\/p>\n<ul>\n<li><a href=\"https:\/\/www.ville-roubaix.fr\/agenda\/les-nuits-de-la-lecture-8049570\" target=\"_blank\" rel=\"noopener\"><strong>Nuits de la Lecture (24-25 janvier)<\/strong><\/a> : Un week-end d\u00e9di\u00e9 aux \u00ab\u00a0villes r\u00eav\u00e9es\u00a0\u00bb avec de l\u2019improvisation th\u00e9\u00e2trale par la Ligue d\u2019impro de Marcq et des ateliers d\u2019\u00e9criture pour enfants.<\/li>\n<li><a href=\"http:\/\/www.mediathequederoubaix.fr\/agenda\/semaine-coreenne\" target=\"_blank\" rel=\"noopener\"><strong>Semaine Cor\u00e9enne (f\u00e9vrier)<\/strong><\/a> : Une immersion dans la culture du \u00ab\u00a0pays du matin calme\u00a0\u00bb avec des ateliers de dessin kawaii, de la musique traditionnelle Salmunori et des sessions de Just Dance sp\u00e9cial K-pop.<\/li>\n<li><strong>Printemps de la Nature (mars)<\/strong> : Un week-end pour c\u00e9l\u00e9brer le retour du soleil avec un troc de plantes et des ateliers de teinture v\u00e9g\u00e9tale.<\/li>\n<li><a href=\"http:\/\/www.mediathequederoubaix.fr\/agenda\/fetons-musique-en-chanson\" target=\"_blank\" rel=\"noopener\"><strong>F\u00eate de la Musique (juin)<\/strong><\/a> : Une mise \u00e0 l\u2019honneur du patrimoine chansonnier local et un karaok\u00e9 ch\u2019ti pour chanter les airs de notre r\u00e9gion.<\/li>\n<\/ul>\n<p>Ateliers Z\u00e9ro D\u00e9chet et Num\u00e9rique : Apprendre au quotidien<\/p>\n<p>La M\u00e9diath\u00e8que s\u2019engage \u00e9galement dans la transition \u00e9cologique avec son cycle \u00ab\u00a0<a href=\"http:\/\/www.mediathequederoubaix.fr\/agenda\/zero-dechet-de-tete-aux-pieds-0\" target=\"_blank\" rel=\"noopener\">Z\u00e9ro D\u00e9chet de la t\u00eate aux pieds<\/a>\u00ab\u00a0. Apprenez \u00e0 fabriquer votre propre d\u00e9maquillant, votre dentifrice ou m\u00eame un gel WC lors d\u2019ateliers pratiques tout au long du semestre.<\/p>\n<p>Le volet num\u00e9rique n\u2019est pas en reste avec des formations pour d\u00e9butants, des ateliers sur Linux ou encore des sessions \u00ab\u00a0Raspberry Pi et r\u00e9trogaming\u00a0\u00bb pour les passionn\u00e9s de technologie.<\/p>\n<p>La Ducasse de La Grand-Plage : Un week-end de f\u00eate d\u00e9cal\u00e9e<\/p>\n<p data-path-to-node=\"7\">Le mois de mai sera marqu\u00e9 par un vent de f\u00eate foraine. Les <b data-path-to-node=\"7,2\" data-index-in-node=\"4\">23 et 24 mai 2026<\/b>, la M\u00e9diath\u00e8que organise un week-end festif avec, en point d\u2019orgue, la <b data-path-to-node=\"7,2\" data-index-in-node=\"93\">Ducasse \u00e0 Barouf<\/b>. Au programme\u00a0: jeux traditionnels en bois pour toute la famille, mais aussi des spectacles \u00e9tonnants comme celui de la \u00ab\u00a0Roulotte Ruche\u00a0\u00bb.<\/p>\n<p>\u00ab\u00a0Quel est votre vrai niveau en orthographe ?\u00a0\u00bb : La grande dict\u00e9e<\/p>\n<p data-path-to-node=\"10\">Avis aux amoureux de la langue fran\u00e7aise ! Le <b data-path-to-node=\"10,2\" data-index-in-node=\"3\">samedi 4 avril 2026 \u00e0 15h<\/b>, la M\u00e9diath\u00e8que vous invite \u00e0 sa d\u00e9sormais c\u00e9l\u00e8bre confrontation amicale avec l\u2019orthographe.<\/p>\n<p><b data-path-to-node=\"11,0,1,0\" data-index-in-node=\"0\">Le concept<\/b> : Seul ou en famille, venez tester vos connaissances sur un texte choisi avec soin par les biblioth\u00e9caires.<\/p>\n<p data-path-to-node=\"11,1,1\"><b data-path-to-node=\"11,1,1,0\" data-index-in-node=\"0\">R\u00e9compense<\/b> : L\u2019important est de participer, car toutes les participations seront r\u00e9compens\u00e9es, le but \u00e9tant avant tout de c\u00e9l\u00e9brer la richesse de notre langue dans une ambiance d\u00e9tendue.<\/p>\n<p>Exposition : Regards crois\u00e9s par Hern\u00e1n Ameijeiras<\/p>\n<p data-path-to-node=\"13\">La saison est \u00e9galement rythm\u00e9e par des expositions photographiques et artistiques. Parmi elles, ne manquez pas le travail du photographe <b data-path-to-node=\"13\" data-index-in-node=\"138\">Hern\u00e1n Ameijeiras<\/b>. Une immersion touchante qui met en lumi\u00e8re aussi bien les usagers que les biblioth\u00e9caires, capturant l\u2019essence humaine de ce lieu de vie.<\/p>\n","protected":false},"excerpt":{"rendered":"De janvier \u00e0 juillet 2026, \u00ab\u00a0La Grand-Plage\u00a0\u00bb, la M\u00e9diath\u00e8que de Roubaix d\u00e9ploie une programmation culturelle riche, diverse\u2026 et&hellip;\n","protected":false},"author":2,"featured_media":652415,"comment_status":"","ping_status":"","sticky":false,"template":"","format":"standard","meta":{"footnotes":""},"categories":[2815],"tags":[1111,11,251,1777,674,1011,27,811,1307,16582,12,25],"class_list":{"0":"post-652414","1":"post","2":"type-post","3":"status-publish","4":"format-standard","5":"has-post-thumbnail","7":"category-lille","8":"tag-actu","9":"tag-actualites","10":"tag-culture","11":"tag-eu","12":"tag-europe","13":"tag-fr","14":"tag-france","15":"tag-hauts-de-france","16":"tag-lille","17":"tag-mediatheque","18":"tag-news","19":"tag-republique-francaise"},"share_on_mastodon":{"url":"https:\/\/pubeurope.com\/@fr\/115866926078383958","error":""},"_links":{"self":[{"href":"https:\/\/www.europesays.com\/fr\/wp-json\/wp\/v2\/posts\/652414","targetHints":{"allow":["GET"]}}],"collection":[{"href":"https:\/\/www.europesays.com\/fr\/wp-json\/wp\/v2\/posts"}],"about":[{"href":"https:\/\/www.europesays.com\/fr\/wp-json\/wp\/v2\/types\/post"}],"author":[{"embeddable":true,"href":"https:\/\/www.europesays.com\/fr\/wp-json\/wp\/v2\/users\/2"}],"replies":[{"embeddable":true,"href":"https:\/\/www.europesays.com\/fr\/wp-json\/wp\/v2\/comments?post=652414"}],"version-history":[{"count":0,"href":"https:\/\/www.europesays.com\/fr\/wp-json\/wp\/v2\/posts\/652414\/revisions"}],"wp:featuredmedia":[{"embeddable":true,"href":"https:\/\/www.europesays.com\/fr\/wp-json\/wp\/v2\/media\/652415"}],"wp:attachment":[{"href":"https:\/\/www.europesays.com\/fr\/wp-json\/wp\/v2\/media?parent=652414"}],"wp:term":[{"taxonomy":"category","embeddable":true,"href":"https:\/\/www.europesays.com\/fr\/wp-json\/wp\/v2\/categories?post=652414"},{"taxonomy":"post_tag","embeddable":true,"href":"https:\/\/www.europesays.com\/fr\/wp-json\/wp\/v2\/tags?post=652414"}],"curies":[{"name":"wp","href":"https:\/\/api.w.org\/{rel}","templated":true}]}}