{"id":652418,"date":"2026-01-09T20:03:10","date_gmt":"2026-01-09T20:03:10","guid":{"rendered":"https:\/\/www.europesays.com\/fr\/652418\/"},"modified":"2026-01-09T20:03:10","modified_gmt":"2026-01-09T20:03:10","slug":"mort-dun-homme-a-belsunce-sous-fond-de-narcotrafic-a-marseille-habitants-et-commercants-craignent-une-balle-perdue","status":"publish","type":"post","link":"https:\/\/www.europesays.com\/fr\/652418\/","title":{"rendered":"Mort d&rsquo;un homme \u00e0 Belsunce sous fond de narcotrafic, \u00e0 Marseille habitants et commer\u00e7ants craignent une balle perdue"},"content":{"rendered":"<p>En moins d\u2019une semaine, l\u2019ann\u00e9e\u00a02026 \u00e0 peine entam\u00e9e, <a href=\"https:\/\/www.laprovence.com\/article\/faits-divers-justice\/15122519973837\/corps-retrouve-dans-une-voiture-en-feu-a-marseille-le-jeune-homme-ligote-une-balle-dans-la-tete-ce-que-lon-sait\" target=\"_blank\" rel=\"noopener\">deux personnes ont d\u00e9j\u00e0 \u00e9t\u00e9 tu\u00e9es \u00e0 Marseille<\/a> sur fond de narcotrafic. L\u2019une des deux premi\u00e8res victimes de ce mois de janvier a \u00e9t\u00e9 <a href=\"https:\/\/www.laprovence.com\/article\/faits-divers-justice\/14111572213218\/un-homme-abattu-par-un-commando-au-nom-de-la-dz-mafia-dans-le-centre-ville-de-marseille\" target=\"_blank\" rel=\"noopener\">abattue de plusieurs balles de gros calibre dans le thorax<\/a> en plein Belsunce, rue des Petites-Maries (1er). Il y avait encore du monde dehors ce soir du dimanche 4\u00a0janvier vers 21\u00a0h\u00a030 lorsque ce qui ressemble \u00e0 un r\u00e8glement de comptes s\u2019est d\u00e9roul\u00e9. Plusieurs points de deal, sur la rue longue des Capucins et la place Louise-Michel, se trouvent \u00e0 proximit\u00e9 imm\u00e9diate des lieux de l\u2019homicide.<\/p>\n<p>Une petite journ\u00e9e plus tard, il n\u2019y a plus trace de ce nouveau drame, seulement des touristes qui d\u00e9barquent valise \u00e0 la main depuis la gare Saint-Charles, \u00e0 moins de 300 m\u00e8tres de l\u00e0. Les commerces ont rouvert, les habitants descendent faire leurs courses, les enfants rentrent chez eux pour d\u00e9jeuner\u00a0: comme apr\u00e8s chaque \u00e9pisode sanglant, la vie a repris, aussi vite qu\u2019une autre s\u2019est \u00e9teinte sous les balles. \u00ab\u00a0Si on tient ce rythme, deux meurtres en cinq jours, le gouvernement pourra arr\u00eater de se vanter d\u2019avoir trouv\u00e9 la solution miracle pour faire baisser le nombre de r\u00e8glements de comptes annuel. Cette violen&#8230;<\/p>\n","protected":false},"excerpt":{"rendered":"En moins d\u2019une semaine, l\u2019ann\u00e9e\u00a02026 \u00e0 peine entam\u00e9e, deux personnes ont d\u00e9j\u00e0 \u00e9t\u00e9 tu\u00e9es \u00e0 Marseille sur fond&hellip;\n","protected":false},"author":2,"featured_media":652419,"comment_status":"","ping_status":"","sticky":false,"template":"","format":"standard","meta":{"footnotes":""},"categories":[2814],"tags":[5734,1111,11,17039,2837,1777,674,274,20820,1011,27,4933,884,18,8721,12,882,25,3107],"class_list":{"0":"post-652418","1":"post","2":"type-post","3":"status-publish","4":"format-standard","5":"has-post-thumbnail","7":"category-marseille","8":"tag-5734","9":"tag-actu","10":"tag-actualites","11":"tag-belsunce","12":"tag-dun","13":"tag-eu","14":"tag-europe","15":"tag-faits-divers-justice","16":"tag-fond","17":"tag-fr","18":"tag-france","19":"tag-homme","20":"tag-marseille","21":"tag-mort","22":"tag-narcotrafic","23":"tag-news","24":"tag-provence-alpes-cote-dazur","25":"tag-republique-francaise","26":"tag-sous"},"share_on_mastodon":{"url":"https:\/\/pubeurope.com\/@fr\/115866933963514584","error":""},"_links":{"self":[{"href":"https:\/\/www.europesays.com\/fr\/wp-json\/wp\/v2\/posts\/652418","targetHints":{"allow":["GET"]}}],"collection":[{"href":"https:\/\/www.europesays.com\/fr\/wp-json\/wp\/v2\/posts"}],"about":[{"href":"https:\/\/www.europesays.com\/fr\/wp-json\/wp\/v2\/types\/post"}],"author":[{"embeddable":true,"href":"https:\/\/www.europesays.com\/fr\/wp-json\/wp\/v2\/users\/2"}],"replies":[{"embeddable":true,"href":"https:\/\/www.europesays.com\/fr\/wp-json\/wp\/v2\/comments?post=652418"}],"version-history":[{"count":0,"href":"https:\/\/www.europesays.com\/fr\/wp-json\/wp\/v2\/posts\/652418\/revisions"}],"wp:featuredmedia":[{"embeddable":true,"href":"https:\/\/www.europesays.com\/fr\/wp-json\/wp\/v2\/media\/652419"}],"wp:attachment":[{"href":"https:\/\/www.europesays.com\/fr\/wp-json\/wp\/v2\/media?parent=652418"}],"wp:term":[{"taxonomy":"category","embeddable":true,"href":"https:\/\/www.europesays.com\/fr\/wp-json\/wp\/v2\/categories?post=652418"},{"taxonomy":"post_tag","embeddable":true,"href":"https:\/\/www.europesays.com\/fr\/wp-json\/wp\/v2\/tags?post=652418"}],"curies":[{"name":"wp","href":"https:\/\/api.w.org\/{rel}","templated":true}]}}