{"id":652422,"date":"2026-01-09T20:05:13","date_gmt":"2026-01-09T20:05:13","guid":{"rendered":"https:\/\/www.europesays.com\/fr\/652422\/"},"modified":"2026-01-09T20:05:13","modified_gmt":"2026-01-09T20:05:13","slug":"les-nouvelles-images-du-projet-de-piscine-dans-la-darse-de-confluence","status":"publish","type":"post","link":"https:\/\/www.europesays.com\/fr\/652422\/","title":{"rendered":"les nouvelles images du projet de piscine dans la darse de Confluence"},"content":{"rendered":"<p>Comment faut-il l\u2019appeler\u00a0? Lieu de baignade en eaux vives, piscine naturelle\u00a0? Toujours est-il que depuis les annonces faites en mai dernier par les \u00e9cologistes <a href=\"https:\/\/www.leprogres.fr\/p\/bruno-bernard\" target=\"_blank\" rel=\"noopener\">Bruno Bernard<\/a>, pr\u00e9sident de la M\u00e9tropole et <a href=\"https:\/\/www.leprogres.fr\/p\/gregory-doucet\" target=\"_blank\" rel=\"noopener\">Gr\u00e9gory Doucet<\/a>, maire de Lyon, le projet de baignade urbaine n\u2019est pas rest\u00e9 lettre morte. Il s\u2019appr\u00eaterait m\u00eame, selon les services de la Ville de Lyon, \u00e0 franchir \u00ab\u00a0une \u00e9tape d\u00e9cisive\u00a0\u00bb.<\/p>\n<p>Le premier \u00e9quipement de ce type qui doit \u00eatre am\u00e9nag\u00e9 dans la darse de la Confluence, figure en effet \u00e0 l\u2019ordre du jour du prochain conseil municipal le 22\u00a0janvier prochain. Un feu vert des \u00e9lus en acterait le principe. \u00ab\u00a0Avec cette d\u00e9lib\u00e9ration, on lance le projet\u00a0\u00bb, se r\u00e9jouit Julie Nublat-Faure, adjointe au maire de Lyon en charge des Sports.<\/p>\n<p><strong>&gt;&gt;\u00a0<a href=\"https:\/\/www.leprogres.fr\/politique\/2025\/05\/07\/baignade-dans-la-saone-a-lyon-tout-savoir-sur-le-projet-de-piscine-naturelle-de-confluence\" target=\"_blank\" rel=\"noopener\">Baignade dans la Sa\u00f4ne : tout savoir sur le projet de piscine naturelle de Confluence<\/a><\/strong><\/p>\n<p>Trois bassins sur pr\u00e8s de&#8230;                        <\/p>\n","protected":false},"excerpt":{"rendered":"Comment faut-il l\u2019appeler\u00a0? Lieu de baignade en eaux vives, piscine naturelle\u00a0? Toujours est-il que depuis les annonces faites&hellip;\n","protected":false},"author":2,"featured_media":652423,"comment_status":"","ping_status":"","sticky":false,"template":"","format":"standard","meta":{"footnotes":""},"categories":[1889],"tags":[1111,11,2430,3542,1687,2757,436,1777,674,107,1011,27,2428,2756,12,316,5140,25,2429,4604,273,104],"class_list":{"0":"post-652422","1":"post","2":"type-post","3":"status-publish","4":"format-standard","5":"has-post-thumbnail","7":"category-lyon","8":"tag-actu","9":"tag-actualites","10":"tag-auvergne-rhone-alpes","11":"tag-circulation","12":"tag-culture-loisirs","13":"tag-edition-lyon-villeurbanne","14":"tag-environnement","15":"tag-eu","16":"tag-europe","17":"tag-fil-info","18":"tag-fr","19":"tag-france","20":"tag-lyon","21":"tag-lyon-bassin","22":"tag-news","23":"tag-politique","24":"tag-rechauffement-climatique","25":"tag-republique-francaise","26":"tag-rhone","27":"tag-selection-abonne","28":"tag-selection-de-la-redaction","29":"tag-societe"},"share_on_mastodon":{"url":"https:\/\/pubeurope.com\/@fr\/115866941752754094","error":""},"_links":{"self":[{"href":"https:\/\/www.europesays.com\/fr\/wp-json\/wp\/v2\/posts\/652422","targetHints":{"allow":["GET"]}}],"collection":[{"href":"https:\/\/www.europesays.com\/fr\/wp-json\/wp\/v2\/posts"}],"about":[{"href":"https:\/\/www.europesays.com\/fr\/wp-json\/wp\/v2\/types\/post"}],"author":[{"embeddable":true,"href":"https:\/\/www.europesays.com\/fr\/wp-json\/wp\/v2\/users\/2"}],"replies":[{"embeddable":true,"href":"https:\/\/www.europesays.com\/fr\/wp-json\/wp\/v2\/comments?post=652422"}],"version-history":[{"count":0,"href":"https:\/\/www.europesays.com\/fr\/wp-json\/wp\/v2\/posts\/652422\/revisions"}],"wp:featuredmedia":[{"embeddable":true,"href":"https:\/\/www.europesays.com\/fr\/wp-json\/wp\/v2\/media\/652423"}],"wp:attachment":[{"href":"https:\/\/www.europesays.com\/fr\/wp-json\/wp\/v2\/media?parent=652422"}],"wp:term":[{"taxonomy":"category","embeddable":true,"href":"https:\/\/www.europesays.com\/fr\/wp-json\/wp\/v2\/categories?post=652422"},{"taxonomy":"post_tag","embeddable":true,"href":"https:\/\/www.europesays.com\/fr\/wp-json\/wp\/v2\/tags?post=652422"}],"curies":[{"name":"wp","href":"https:\/\/api.w.org\/{rel}","templated":true}]}}