{"id":652428,"date":"2026-01-09T20:09:12","date_gmt":"2026-01-09T20:09:12","guid":{"rendered":"https:\/\/www.europesays.com\/fr\/652428\/"},"modified":"2026-01-09T20:09:12","modified_gmt":"2026-01-09T20:09:12","slug":"emotion-apres-la-mort-dandre-malvoyant-sur-la-ligne-6-a-paris","status":"publish","type":"post","link":"https:\/\/www.europesays.com\/fr\/652428\/","title":{"rendered":"\u00e9motion apr\u00e8s la mort d&rsquo;Andr\u00e9, malvoyant, sur la ligne 6 \u00e0 Paris"},"content":{"rendered":"<p>                    Par<br \/>\n        <strong><br \/>\n            <a href=\"https:\/\/actu.fr\/auteur\/antoine-blanchet\" title=\"Consulter tous les articles de Antoine Blanchet\" target=\"_blank\" rel=\"noopener\">Antoine Blanchet<\/a><br \/>\n                    <\/strong><\/p>\n<p>        Publi\u00e9 le<\/p>\n<p>            9 janv. 2026 \u00e0 19h22        <\/p>\n<p>Un bruit de glissement sur le sol qui se fait de plus en plus fort dans les couloirs du m\u00e9tro de <a href=\"https:\/\/actu.fr\/paris\/\" target=\"_blank\" rel=\"noopener\">Paris<\/a>. Tout d\u2019un coup, une procession d\u2019hommes et de femmes fait son apparition sur le quai de la ligne 6 \u00e0<strong> la station Denfert Rochereau<\/strong>. Une grande partie porte des cannes blanches. Ils sont un peu plus d\u2019une cinquantaine ce vendredi 9 janvier 2026. L\u2019un d\u2019eux porte une gigantesque gerbe de fleurs. Les agents de la <a href=\"https:\/\/actu.fr\/tag\/ratp\" target=\"_blank\" rel=\"noopener\">RATP<\/a> font office de guide pour cette petite troupe venus rendre hommage \u00e0 Andr\u00e9-Germain, <a href=\"https:\/\/actu.fr\/ile-de-france\/paris_75056\/ratp-mort-d-un-homme-malvoyant-apres-avoir-chute-sur-les-rails-du-metro-a-paris_63639219.html\" target=\"_blank\" rel=\"noopener\">mort le 30 d\u00e9cembre dernier au m\u00eame endroit<\/a>. L\u2019homme de 42 ans a chut\u00e9 sur les rails, pensant rentrer dans la rame alors qu\u2019il s\u2019agissait du m\u00e9tro d\u2019en face.\u00a0<\/p>\n<p>\u00ab\u00a0C\u2019\u00e9tait le roi du cocktail\u00a0\u00bb<\/p>\n<p class=\" wall-content\">Malgr\u00e9 le bruit des trains et le flux des passagers, l\u2019\u00e9motion est palpable lorsque les proches du d\u00e9funt, ses amis, mais aussi ces inconnus frapp\u00e9s de<strong> d\u00e9ficience visuelle et de c\u00e9cit\u00e9<\/strong>, se sont tus pendant une minute. Les larmes ne sont pas loin. \u00ab\u00a0Ces quais vont peut-\u00eatre un jour nous prot\u00e9ger. On va perdu un ami qui va nous manquer\u00a0\u00bb, d\u00e9clare \u00c9lise la voix \u00e9mue. \u00ab\u00a042 ans, c\u2019est jeune pour mourir\u00a0\u00bb, ajoute Benjamin, qui a organis\u00e9 ce rassemblement.\u00a0<\/p>\n<p class=\" wall-content\">Car pour une partie des personnes pr\u00e9sentes, Andr\u00e9-Germain n\u2019\u00e9tait pas un inconnu. Certains l\u2019ont crois\u00e9 au sein des associations pour d\u00e9ficients visuels. \u00ab\u00a0Il \u00e9tait d\u2019un grand altruisme. Il pensait toujours aux autres. Il pouvait venir chez nous et nous ramener des v\u00eatements et des repas. C\u2019\u00e9tait le roi du cocktail\u00a0\u00bb, se souvient l\u2019un de ses amis. Ancien \u00e9tudiant \u00e0<strong> l\u2019Institut des langues orientales<\/strong>, Andr\u00e9-Germain \u00e9tait aussi un fan de football. Grand supporter du Paris Saint-Germain, c\u2019est son club de coeur qui a offert le bouquet d\u00e9pos\u00e9 \u00e0 l\u2019accueil de la station de m\u00e9tro ce vendredi. \u00ab\u00a0Merci pour tout. Pour votre soutien\u00a0\u00bb, s\u2019\u00e9meut le p\u00e8re de la victime devant la foule qui s\u2019\u00e9tait donn\u00e9e rendez-vous \u00e0 l\u2019entr\u00e9e du m\u00e9tro \u00e0 14h30.\u00a0<\/p>\n<p>L\u2019insuffisance d\u2019\u00e9quipements point\u00e9e du doigt\u00a0<\/p>\n<p class=\" wall-content\">Derri\u00e8re ces visages tristes, il y a aussi de la col\u00e8re. Le drame survenu le 30 d\u00e9cembre n\u2019est pas d\u00fb au hasard. \u00ab\u00a0Il n\u2019y a pas assez d\u2019accessibilit\u00e9 dans le m\u00e9tro. On est dans une grande capitale et il y a encore des personnes qui tombent\u00a0\u00bb, s\u2019\u00e9n\u00e8rve Hayat, pr\u00e9sidente d\u2019une association sportive pour d\u00e9ficients visuels. Ce qu\u2019on reproche : l<strong>e manque d\u2019\u00e9quipement<\/strong> pour \u00e9viter les accidents, principalement les portes palli\u00e8res. \u00ab\u00a0Il y a les budgets, mais il n\u2019y a pas la volont\u00e9 politique. Andr\u00e9 n\u2019est pas mort par accident, mais par n\u00e9gligence\u00a0\u00bb, s\u2019\u00e9n\u00e8rve une autre femme pr\u00e9sente au rassemblement. \u00ab\u00a0On est marginalis\u00e9s\u00a0\u00bb, s\u2019insurge une autre.\u00a0<\/p>\n<p class=\" wall-content\">Tristesse, col\u00e8re, mais aussi peur pour ces personnes dont chaque trajet en m\u00e9tro est source d\u2019angoisse. Plusieurs relatent leurs exp\u00e9riences douloureuses, qui sont l\u00e9gion. \u00ab\u00a0J\u2019ai d\u00e9j\u00e0 chut\u00e9 une fois sur les rails, mais j\u2019ai pu \u00eatre rattrap\u00e9e par des usagers\u00a0\u00bb, se rem\u00e9more l\u2019un des participants. \u00ab\u00a0Moi j\u2019ai d\u00e9j\u00e0 perdu ma canne entre le quai et le RER\u00a0\u00bb, soupire un autre. \u00ab\u00a0Ce qu\u2019il s\u2019est pass\u00e9 nous a d\u2019autant plus \u00e9mus qu\u2019Andr\u00e9-Germain \u00e9tait quelqu\u2019un de tr\u00e8s prudent. J\u2019ai peur quand je prends le m\u00e9tro\u00a0\u00bb, reconna\u00eet \u00c9lise.\u00a0<\/p>\n<p class=\" wall-content\">D\u00e9j\u00e0, la file de cannes blanches remonte les escaliers pour retrouver le froid hivernal. Certains s\u2019accrochent \u00e0 des proches. D\u2019autres sont aid\u00e9s par les agents RATP, applaudis par les participants. \u00ab\u00a0J\u2019esp\u00e8re que cet \u00e9v\u00e8nement servira \u00e0 quelque chose\u00a0\u00bb, glisse une femme accompagn\u00e9e de son conjoint. Dans le m\u00e9tro, le bouquet reste accroch\u00e9 au mur.\u00a0<\/p>\n<p class=\" wall-content\">Personnalisez votre actualit\u00e9 en ajoutant vos villes et m\u00e9dias en favori avec <a href=\"https:\/\/moncompte.actu.fr\" title=\"D\u00e9couvez Mon Actu\" rel=\"nofollow noopener\" data-trk=\"{&quot;cta&quot;:{&quot;action&quot;:&quot;https:\\\/\\\/moncompte.actu.fr&quot;,&quot;category&quot;:&quot;mon compte&quot;,&quot;from&quot;:&quot;article footer&quot;,&quot;name&quot;:&quot;Mon actu&quot;,&quot;type&quot;:&quot;cta&quot;}}\" target=\"_blank\">Mon Actu<\/a>.<\/p>\n","protected":false},"excerpt":{"rendered":"Par Antoine Blanchet Publi\u00e9 le 9 janv. 2026 \u00e0 19h22 Un bruit de glissement sur le sol qui&hellip;\n","protected":false},"author":2,"featured_media":652429,"comment_status":"","ping_status":"","sticky":false,"template":"","format":"standard","meta":{"footnotes":""},"categories":[1888],"tags":[1111,1928,11,1927,1777,674,118,1011,27,1943,4047,12,1926,626,1925,625,25],"class_list":{"0":"post-652428","1":"post","2":"type-post","3":"status-publish","4":"format-standard","5":"has-post-thumbnail","7":"category-paris","8":"tag-actu","9":"tag-actu-paris","10":"tag-actualites","11":"tag-actualites-paris","12":"tag-eu","13":"tag-europe","14":"tag-faits-divers","15":"tag-fr","16":"tag-france","17":"tag-handicap","18":"tag-metro","19":"tag-news","20":"tag-news-paris","21":"tag-paris","22":"tag-paris-news","23":"tag-ratp","24":"tag-republique-francaise"},"share_on_mastodon":{"url":"https:\/\/pubeurope.com\/@fr\/115866957486334505","error":""},"_links":{"self":[{"href":"https:\/\/www.europesays.com\/fr\/wp-json\/wp\/v2\/posts\/652428","targetHints":{"allow":["GET"]}}],"collection":[{"href":"https:\/\/www.europesays.com\/fr\/wp-json\/wp\/v2\/posts"}],"about":[{"href":"https:\/\/www.europesays.com\/fr\/wp-json\/wp\/v2\/types\/post"}],"author":[{"embeddable":true,"href":"https:\/\/www.europesays.com\/fr\/wp-json\/wp\/v2\/users\/2"}],"replies":[{"embeddable":true,"href":"https:\/\/www.europesays.com\/fr\/wp-json\/wp\/v2\/comments?post=652428"}],"version-history":[{"count":0,"href":"https:\/\/www.europesays.com\/fr\/wp-json\/wp\/v2\/posts\/652428\/revisions"}],"wp:featuredmedia":[{"embeddable":true,"href":"https:\/\/www.europesays.com\/fr\/wp-json\/wp\/v2\/media\/652429"}],"wp:attachment":[{"href":"https:\/\/www.europesays.com\/fr\/wp-json\/wp\/v2\/media?parent=652428"}],"wp:term":[{"taxonomy":"category","embeddable":true,"href":"https:\/\/www.europesays.com\/fr\/wp-json\/wp\/v2\/categories?post=652428"},{"taxonomy":"post_tag","embeddable":true,"href":"https:\/\/www.europesays.com\/fr\/wp-json\/wp\/v2\/tags?post=652428"}],"curies":[{"name":"wp","href":"https:\/\/api.w.org\/{rel}","templated":true}]}}