{"id":652436,"date":"2026-01-09T20:13:12","date_gmt":"2026-01-09T20:13:12","guid":{"rendered":"https:\/\/www.europesays.com\/fr\/652436\/"},"modified":"2026-01-09T20:13:12","modified_gmt":"2026-01-09T20:13:12","slug":"guerre-en-ukraine-la-russie-utilise-son-fameux-missile-orechnik-la-capitale-kiev-en-grande-precarite","status":"publish","type":"post","link":"https:\/\/www.europesays.com\/fr\/652436\/","title":{"rendered":"Guerre en Ukraine : La Russie utilise son fameux missile Orechnik, la capitale Kiev en grande pr\u00e9carit\u00e9"},"content":{"rendered":"<p class=\"mb-4 text-lg md:leading-8 break-words\"><strong>R\u00e9cap &#8211; \u00ab 20 Minutes \u00bb fait le point pour vous tous les soirs sur le conflit en Ukraine. Ce vendredi, la Russie a men\u00e9 plusieurs frappes, l\u2019une d\u2019elles ayant \u00e9t\u00e9 effectu\u00e9e au moyen d\u2019un missile hypersonique<\/strong><\/p>\n<p class=\"mb-4 text-lg md:leading-8 break-words\">Vous avez rat\u00e9 les derniers \u00e9v\u00e9nements sur la <a href=\"https:\/\/www.20minutes.fr\/monde\/ukraine\/?at_medium=RSS%20feed&amp;at_campaign=ynews&amp;utm_source=yahoo&amp;utm_medium=rss&amp;utm_campaign=news_feed&amp;utm_content=in_article_link\" rel=\"nofollow noopener\" target=\"_blank\" data-ylk=\"slk:guerre en Ukraine;elm:context_link;itc:0;sec:content-canvas\" class=\"link \">guerre en Ukraine<\/a> ? 20 Minutes fait le point pour vous tous les soirs. Voici l\u2019essentiel de ce vendredi 9 janvier, au 1.415e jour du conflit.<\/p>\n<p>Le fait du jour<\/p>\n<p class=\"mb-4 text-lg md:leading-8 break-words\">C\u2019est la deuxi\u00e8me fois qu\u2019elle l\u2019utilise. La Russie a revendiqu\u00e9 avoir frapp\u00e9 des \u00ab cibles strat\u00e9giques \u00bb en Ukraine la nuit derni\u00e8re, notamment avec son <a href=\"https:\/\/www.20minutes.fr\/monde\/4195204-20260109-guerre-ukraine-quoi-missile-russe-oreshnik-peut-menacer-quasi-totalite-europe?at_medium=RSS%20feed&amp;at_campaign=ynews&amp;utm_source=yahoo&amp;utm_medium=rss&amp;utm_campaign=news_feed&amp;utm_content=in_article_link\" rel=\"nofollow noopener\" target=\"_blank\" data-ylk=\"slk:fameux missile hypersonique Orechnik;elm:context_link;itc:0;sec:content-canvas\" class=\"link \">fameux missile hypersonique Orechnik<\/a>, qui peut porter une charge nucl\u00e9aire et atteindre une vitesse d\u2019environ 13.000 km\/h. Selon le minist\u00e8re russe de la D\u00e9fense, ces attaques ont \u00e9t\u00e9 men\u00e9es \u00ab en r\u00e9ponse \u00bb \u00e0 une tentative ukrainienne de frapper une r\u00e9sidence de <a href=\"https:\/\/www.20minutes.fr\/monde\/vladimir_poutine\/?at_medium=RSS%20feed&amp;at_campaign=ynews&amp;utm_source=yahoo&amp;utm_medium=rss&amp;utm_campaign=news_feed&amp;utm_content=in_article_link\" rel=\"nofollow noopener\" target=\"_blank\" data-ylk=\"slk:Vladimir Poutine;elm:context_link;itc:0;sec:content-canvas\" class=\"link \">Vladimir Poutine<\/a> fin d\u00e9cembre, des accusations que l\u2019Ukraine et les Occidentaux qualifient de \u00ab mensonge \u00bb.<\/p>\n<p class=\"mb-4 text-lg md:leading-8 break-words\">Le service ukrainien de s\u00e9curit\u00e9 (SBU) a publi\u00e9 des images de d\u00e9bris pr\u00e9sent\u00e9s comme ceux du missile Orechnik utilis\u00e9 par Moscou pour frapper la r\u00e9gion de Lviv (ouest). Il n\u2019a pas pr\u00e9cis\u00e9 quelles cibles avaient \u00e9t\u00e9 vis\u00e9es par l\u2019engin ni l\u2019ampleur des d\u00e9g\u00e2ts.<\/p>\n<p class=\"mb-4 text-lg md:leading-8 break-words\">\u00ab Une telle attaque \u00e0 proximit\u00e9 de la fronti\u00e8re de l\u2019Union europ\u00e9enne et de l\u2019Otan repr\u00e9sente une menace grave pour la s\u00e9curit\u00e9 du continent europ\u00e9en et un test pour l\u2019alliance transatlantique \u00bb, a estim\u00e9 le ministre ukrainien des Affaires \u00e9trang\u00e8res Andri\u00ef Sybiga. Les dirigeants fran\u00e7ais, allemand et britannique Emmanuel Macron, Friedrich Merz et Keir Starmer ont d\u00e9nonc\u00e9 \u00ab une escalade \u00bb qui est \u00ab inacceptable \u00bb. La cheffe de la diplomatie de l\u2019UE Kaja Kallas a estim\u00e9 de son c\u00f4t\u00e9 que ce tir d\u00e9montre que Vla(&#8230;)<\/p>\n<p class=\"mb-4 text-lg md:leading-8 break-words\"><a href=\"https:\/\/www.20minutes.fr\/monde\/ukraine\/4195271-20260109-guerre-ukraine-russie-utilise-fameux-missile-orechnik-capitale-kiev-grande-precarite?at_medium=RSS%20feed&amp;at_campaign=ynews&amp;utm_source=yahoo&amp;utm_medium=rss&amp;utm_campaign=news_feed&amp;utm_content=read_more_link&quot;\" rel=\"nofollow noopener\" target=\"_blank\" data-ylk=\"slk:Lire la suite sur 20minutes;elm:context_link;itc:0;sec:content-canvas\" class=\"link \">Lire la suite sur 20minutes<\/a><\/p>\n<p>\u00c0 lire aussi :<br \/><a href=\"https:\/\/www.20minutes.fr\/monde\/4195204-20260109-guerre-ukraine-quoi-missile-russe-oreshnik-peut-menacer-quasi-totalite-europe?at_medium=RSS%20feed&amp;at_campaign=ynews&amp;utm_source=yahoo&amp;utm_medium=rss&amp;utm_campaign=news_feed&amp;utm_content=related_content_link\" rel=\"nofollow noopener\" target=\"_blank\" data-ylk=\"slk:Guerre en Ukraine : C\u2019est quoi ce missile russe Oreshnik qui \u00ab peut menacer la quasi-totalit\u00e9 de l\u2019Europe \u00bb ?;elm:context_link;itc:0;sec:content-canvas\" class=\"link \">Guerre en Ukraine : C\u2019est quoi ce missile russe Oreshnik qui \u00ab peut menacer la quasi-totalit\u00e9 de l\u2019Europe \u00bb ?<\/a><br \/><a href=\"https:\/\/www.20minutes.fr\/monde\/ukraine\/4195065-20260108-guerre-ukraine-russie-libere-detenu-francais-bombarde-lourdement?at_medium=RSS%20feed&amp;at_campaign=ynews&amp;utm_source=yahoo&amp;utm_medium=rss&amp;utm_campaign=news_feed&amp;utm_content=related_content_link\" rel=\"nofollow noopener\" target=\"_blank\" data-ylk=\"slk:Guerre en Ukraine : La Russie lib\u00e8re son d\u00e9tenu fran\u00e7ais mais bombarde lourdement;elm:context_link;itc:0;sec:content-canvas\" class=\"link \">Guerre en Ukraine : La Russie lib\u00e8re son d\u00e9tenu fran\u00e7ais mais bombarde lourdement<\/a><\/p>\n","protected":false},"excerpt":{"rendered":"R\u00e9cap &#8211; \u00ab 20 Minutes \u00bb fait le point pour vous tous les soirs sur le conflit en&hellip;\n","protected":false},"author":2,"featured_media":652437,"comment_status":"","ping_status":"","sticky":false,"template":"","format":"standard","meta":{"footnotes":""},"categories":[1591],"tags":[642,11,1887,131,2489,12,1885,1886,132,220,135],"class_list":{"0":"post-652436","1":"post","2":"type-post","3":"status-publish","4":"format-standard","5":"has-post-thumbnail","7":"category-russie","8":"tag-20-minutes","9":"tag-actualites","10":"tag-federation-de-russie","11":"tag-guerre-en-ukraine","12":"tag-la-russie","13":"tag-news","14":"tag-russia","15":"tag-russian-federation","16":"tag-russie","17":"tag-ukraine","18":"tag-vladimir-poutine"},"share_on_mastodon":{"url":"https:\/\/pubeurope.com\/@fr\/115866973325035953","error":""},"_links":{"self":[{"href":"https:\/\/www.europesays.com\/fr\/wp-json\/wp\/v2\/posts\/652436","targetHints":{"allow":["GET"]}}],"collection":[{"href":"https:\/\/www.europesays.com\/fr\/wp-json\/wp\/v2\/posts"}],"about":[{"href":"https:\/\/www.europesays.com\/fr\/wp-json\/wp\/v2\/types\/post"}],"author":[{"embeddable":true,"href":"https:\/\/www.europesays.com\/fr\/wp-json\/wp\/v2\/users\/2"}],"replies":[{"embeddable":true,"href":"https:\/\/www.europesays.com\/fr\/wp-json\/wp\/v2\/comments?post=652436"}],"version-history":[{"count":0,"href":"https:\/\/www.europesays.com\/fr\/wp-json\/wp\/v2\/posts\/652436\/revisions"}],"wp:featuredmedia":[{"embeddable":true,"href":"https:\/\/www.europesays.com\/fr\/wp-json\/wp\/v2\/media\/652437"}],"wp:attachment":[{"href":"https:\/\/www.europesays.com\/fr\/wp-json\/wp\/v2\/media?parent=652436"}],"wp:term":[{"taxonomy":"category","embeddable":true,"href":"https:\/\/www.europesays.com\/fr\/wp-json\/wp\/v2\/categories?post=652436"},{"taxonomy":"post_tag","embeddable":true,"href":"https:\/\/www.europesays.com\/fr\/wp-json\/wp\/v2\/tags?post=652436"}],"curies":[{"name":"wp","href":"https:\/\/api.w.org\/{rel}","templated":true}]}}