{"id":652440,"date":"2026-01-09T20:15:17","date_gmt":"2026-01-09T20:15:17","guid":{"rendered":"https:\/\/www.europesays.com\/fr\/652440\/"},"modified":"2026-01-09T20:15:17","modified_gmt":"2026-01-09T20:15:17","slug":"usa-le-moral-des-consommateurs-sameliore-en-janvier-mais-reste-bas","status":"publish","type":"post","link":"https:\/\/www.europesays.com\/fr\/652440\/","title":{"rendered":"USA: le moral des consommateurs s&rsquo;am\u00e9liore en janvier mais reste bas"},"content":{"rendered":"<p style=\"margin-top:5px\">Washington (awp\/afp) &#8211; Le moral des consommateurs am\u00e9ricains se redresse l\u00e9g\u00e8rement en janvier mais reste plomb\u00e9 par le co\u00fbt de la vie et le sentiment de manquer d&rsquo;opportunit\u00e9s sur le march\u00e9 du travail, selon un barom\u00e8tre r\u00e9gulier publi\u00e9 vendredi.<\/p>\n<p>L&rsquo;indice mesurant cette confiance, produit par l&rsquo;universit\u00e9 du Michigan, ressort \u00e0 54 points.<\/p>\n<p>Cela repr\u00e9sente une augmentation de 2,1% sur un mois mais demeure pr\u00e8s de 25% plus faible qu&rsquo;un an plus t\u00f4t.<\/p>\n<p>La publication est un peu meilleure que ce \u00e0 quoi s&rsquo;attendaient les analystes, selon le consensus publi\u00e9 par MarketWatch.<\/p>\n<p>\u00ab\u00a0On constate une am\u00e9lioration (du moral) chez les consommateurs \u00e0 faible revenu, tandis que le moral des plus fortun\u00e9s recule\u00a0\u00bb, observe Joanne Hsu, la directrice de l&rsquo;enqu\u00eate, cit\u00e9e dans le communiqu\u00e9.<\/p>\n<p>Globalement, les consommateurs \u00ab\u00a0continuent de se soucier surtout de l&rsquo;impact sur leur vie quotidienne des prix \u00e9lev\u00e9s et du ralentissement du march\u00e9 du travail\u00a0\u00bb, ajoute-t-elle.<\/p>\n<p>afp\/al<\/p>\n","protected":false},"excerpt":{"rendered":"Washington (awp\/afp) &#8211; Le moral des consommateurs am\u00e9ricains se redresse l\u00e9g\u00e8rement en janvier mais reste plomb\u00e9 par le&hellip;\n","protected":false},"author":2,"featured_media":2490,"comment_status":"","ping_status":"","sticky":false,"template":"","format":"standard","meta":{"footnotes":""},"categories":[1589],"tags":[11,340,73,1866,12,1864,1865,1863,308],"class_list":{"0":"post-652440","1":"post","2":"type-post","3":"status-publish","4":"format-standard","5":"has-post-thumbnail","7":"category-etats-unis","8":"tag-actualites","9":"tag-bourse","10":"tag-etats-unis","11":"tag-etats-unis-damerique","12":"tag-news","13":"tag-united-states","14":"tag-united-states-of-america","15":"tag-us","16":"tag-usa"},"share_on_mastodon":{"url":"https:\/\/pubeurope.com\/@fr\/115866981141865621","error":""},"_links":{"self":[{"href":"https:\/\/www.europesays.com\/fr\/wp-json\/wp\/v2\/posts\/652440","targetHints":{"allow":["GET"]}}],"collection":[{"href":"https:\/\/www.europesays.com\/fr\/wp-json\/wp\/v2\/posts"}],"about":[{"href":"https:\/\/www.europesays.com\/fr\/wp-json\/wp\/v2\/types\/post"}],"author":[{"embeddable":true,"href":"https:\/\/www.europesays.com\/fr\/wp-json\/wp\/v2\/users\/2"}],"replies":[{"embeddable":true,"href":"https:\/\/www.europesays.com\/fr\/wp-json\/wp\/v2\/comments?post=652440"}],"version-history":[{"count":0,"href":"https:\/\/www.europesays.com\/fr\/wp-json\/wp\/v2\/posts\/652440\/revisions"}],"wp:featuredmedia":[{"embeddable":true,"href":"https:\/\/www.europesays.com\/fr\/wp-json\/wp\/v2\/media\/2490"}],"wp:attachment":[{"href":"https:\/\/www.europesays.com\/fr\/wp-json\/wp\/v2\/media?parent=652440"}],"wp:term":[{"taxonomy":"category","embeddable":true,"href":"https:\/\/www.europesays.com\/fr\/wp-json\/wp\/v2\/categories?post=652440"},{"taxonomy":"post_tag","embeddable":true,"href":"https:\/\/www.europesays.com\/fr\/wp-json\/wp\/v2\/tags?post=652440"}],"curies":[{"name":"wp","href":"https:\/\/api.w.org\/{rel}","templated":true}]}}