{"id":652441,"date":"2026-01-09T20:16:13","date_gmt":"2026-01-09T20:16:13","guid":{"rendered":"https:\/\/www.europesays.com\/fr\/652441\/"},"modified":"2026-01-09T20:16:13","modified_gmt":"2026-01-09T20:16:13","slug":"les-emirats-arabes-unis-freinent-les-inscriptions-dans-les-universites-britanniques-par-peur-dune-radicalisation-islamiste","status":"publish","type":"post","link":"https:\/\/www.europesays.com\/fr\/652441\/","title":{"rendered":"les \u00c9mirats arabes unis freinent les inscriptions dans les universit\u00e9s britanniques par peur d\u2019une radicalisation islamiste"},"content":{"rendered":"<p>\n    Abou Dabi, qui craint l\u2019influence des Fr\u00e8res musulmans et a interdit la confr\u00e9rie sur son territoire en tant qu\u2019organisation terroriste, milite de longue date pour que les pays europ\u00e9ens fassent de m\u00eame.<\/p>\n<p class=\"fig-paragraph\">Les universit\u00e9s du Royaume-Uni sont-elles gangren\u00e9es par l\u2019islamisme radical\u00a0? C\u2019est bien ce que craignent les\u00a0<a href=\"http:\/\/www.lefigaro.fr\/actualite-france\/les-emirats-arabes-unis-ont-deja-extrade-17-narcotrafiquants-vers-la-france-en-2025-rapporte-l-entourage-de-gerald-darmanin-20251222\" data-fig-type=\"NewsFlash\" data-gtm-custom-categorie=\"navigation\" data-gtm-custom-action=\"crossclick\" data-gtm-custom-label=\"Contextuel\" data-gtm-event=\"customEventSPE\" data-fig-domain=\"LEFIGARO\" target=\"_blank\" rel=\"noopener\">\u00c9mirats arabes unis<\/a>, qui ont d\u00e9cid\u00e9 de tenir leurs \u00e9tudiants \u00e9loign\u00e9s de ces campus en limitant les inscriptions, affirment ce vendredi deux m\u00e9dias britanniques de premier plan,\u00a0<a href=\"https:\/\/www.thetimes.com\/uk\/education\/article\/uae-limiting-students-coming-to-uk-over-muslim-brotherhood-concerns-zvpdd6fqn\" target=\"_blank\" rel=\"sponsored noopener\" data-gtm-custom-categorie=\"navigation\" data-gtm-custom-action=\"crossclick\" data-gtm-custom-label=\"Contextuel\" data-gtm-event=\"customEventSPE\">The Times<\/a> \u00a0et le\u00a0<a href=\"https:\/\/www.ft.com\/content\/f256cc27-b80f-4fce-88cf-e80cb2451ef5\" target=\"_blank\" rel=\"sponsored noopener\" data-gtm-custom-categorie=\"navigation\" data-gtm-custom-action=\"crossclick\" data-gtm-custom-label=\"Contextuel\" data-gtm-event=\"customEventSPE\">Financial Times<\/a>, citant des responsables proches du dossier. Ils expliquent que le financement f\u00e9d\u00e9ral d\u00e9di\u00e9 \u00e0 ces inscriptions a \u00e9t\u00e9 r\u00e9duit, Abou Dabi invoquant notamment des inqui\u00e9tudes quant \u00e0 l\u2019influence des Fr\u00e8res musulmans, qu\u2019ils ont interdits sur leur territoire en tant qu\u2019organisation terroriste.<\/p>\n<p class=\"fig-paragraph\">\u00abCompl\u00e8tement fou\u00bb, s\u2019est \u00e9tonn\u00e9 le vice-pr\u00e9sident am\u00e9ricain J. D. Vance sur le r\u00e9seau social X. \u00abCertains de nos meilleurs alli\u00e9s musulmans dans le Golfe estiment que l\u2019endoctrinement islamiste dans certaines parties de l\u2019Occident est trop dangereux.\u00bb<\/p>\n<p>                                            <a class=\"fig-a11y-skip\" href=\"#fig-a11y-skip-main-inarticle\" data-module=\"a11y-skip\" data-context=\"was @visible\"><br \/>\n    Passer la publicit\u00e9<br \/>\n<\/a>            <\/p>\n<p class=\"fig-paragraph\">Le gouvernement \u00e9mirien accorde des bourses g\u00e9n\u00e9reuses aux \u00e9tudiants du pays pour partir \u00e9tudier \u00e0 l\u2019\u00e9tranger. Les fonds doivent couvrir les frais de scolarit\u00e9, de voyage, de subsistance ou encore d\u2019assurance maladie. Le Royaume-Uni n\u2019est pas totalement banni des destinations possibles\u00a0: les jeunes \u00c9miriens pourront toujours partir y faire leurs \u00e9tudes, \u00e0 condition que leurs familles assument elles-m\u00eames les frais. Ils n\u2019\u00e9taient pas moins de 8500 sur les campus britanniques fin 2024, leur nombre ayant doubl\u00e9 depuis 2017.<\/p>\n<p>                                            Les Fr\u00e8res musulmans dans le viseur<\/p>\n<p class=\"fig-paragraph\">Les \u00c9mirats arabes unis militent de longue date pour que les diff\u00e9rents pays europ\u00e9ens reconnaissent la confr\u00e9rie des Fr\u00e8res musulmans comme terroriste et l\u2019interdisent sur leurs territoires. Au Royaume-Uni, ils ont notamment \u00abmen\u00e9 une campagne de lobbying qui a incit\u00e9 le gouvernement conservateur de\u00a0<a href=\"http:\/\/www.lefigaro.fr\/international\/royaume-uni-david-cameron-revele-avoir-ete-diagnostique-d-un-cancer-de-la-prostate-20251126\" data-fig-type=\"Article\" data-gtm-custom-categorie=\"navigation\" data-gtm-custom-action=\"crossclick\" data-gtm-custom-label=\"Contextuel\" data-gtm-event=\"customEventSPE\" data-fig-domain=\"LEFIGARO\" target=\"_blank\" rel=\"noopener\">David Cameron<\/a> \u00a0\u00e0 ouvrir une enqu\u00eate sur le groupe en 2014\u00bb, assure The Times. L\u2019enqu\u00eate \u00e9tait parvenue \u00e0 la conclusion que les convictions du groupe \u00e9taient contraires aux valeurs britanniques, mais n\u2019avait pas trouv\u00e9 suffisamment de preuves pour l\u2019interdire.<\/p>\n<p class=\"fig-body-link\">\n            \u00c0 lire aussi<br \/>\n        <a class=\"fig-body-link__link fig-premium-mark\" href=\"http:\/\/www.lefigaro.fr\/histoire\/education-implantation-associative-lobbying-institutionnel-le-plan-des-freres-musulmans-pour-islamiser-en-douceur-la-civilisation-occidentale-20251018\" data-fig-type=\"Article\" data-gtm-custom-categorie=\"navigation\" data-gtm-custom-action=\"crossclick\" data-gtm-custom-label=\"Contextuel\" data-gtm-event=\"customEventSPE\" data-fig-domain=\"LEFIGARO\" target=\"_blank\" rel=\"noopener\"><\/p>\n<p>        \u00c9ducation, implantation associative, lobbying institutionnel\u00a0: le plan des Fr\u00e8res musulmans pour islamiser en douceur la civilisation occidentale<br \/>\n    <\/a>\n<\/p>\n<p class=\"fig-paragraph\">En France, l\u2019organisation a fait l\u2019objet d\u2019un\u00a0<a href=\"http:\/\/www.lefigaro.fr\/politique\/entrisme-six-semaines-apres-un-accablant-rapport-macron-devoile-son-plan-pour-entraver-les-freres-musulmans-20250707\" data-fig-type=\"Article\" data-gtm-custom-categorie=\"navigation\" data-gtm-custom-action=\"crossclick\" data-gtm-custom-label=\"Contextuel\" data-gtm-event=\"customEventSPE\" data-fig-domain=\"LEFIGARO\" target=\"_blank\" rel=\"noopener\">long rapport<\/a>\u00a0command\u00e9 \u00e0 deux hauts fonctionnaires et d\u00e9voil\u00e9 fin mai. Les Fr\u00e8res musulmans y sont d\u00e9crits comme une \u00abmenace pour la coh\u00e9sion nationale\u00bb. Le rapport pointe notamment leur influence dans certains \u00e9tablissements scolaires. Emmanuel Macron avait demand\u00e9 au gouvernement de lui faire des \u00abpropositions\u00bb au vu de la \u00abgravit\u00e9 des faits\u00bb. Pour Jordan Bardella, qui\u00a0<a href=\"http:\/\/www.lefigaro.fr\/politique\/jordan-bardella-defend-l-interdiction-des-freres-musulmans-pour-proteger-les-francais-de-la-menace-islamiste-20250521\" data-fig-type=\"NewsFlash\" data-gtm-custom-categorie=\"navigation\" data-gtm-custom-action=\"crossclick\" data-gtm-custom-label=\"Contextuel\" data-gtm-event=\"customEventSPE\" data-fig-domain=\"LEFIGARO\" target=\"_blank\" rel=\"noopener\">d\u00e9fend l\u2019interdiction<\/a>\u00a0de la mouvance, la position des \u00c9mirats arabes unis est \u00abun renversement qui en dit long sur notre aveuglement et notre faiblesse face \u00e0 cet obscurantisme qui s\u2019installe chez nous\u00bb, comme il l\u2019a \u00e9crit sur X ce vendredi.<\/p>\n<p class=\"fig-paragraph\">Mercredi 7 janvier, les d\u00e9put\u00e9s de la commission des Affaires europ\u00e9ennes ont adopt\u00e9 une proposition de r\u00e9solution visant \u00e0 inscrire la mouvance sur la liste europ\u00e9enne des organisations terroristes. Le texte avait \u00e9t\u00e9 d\u00e9pos\u00e9 en mai 2025 par le d\u00e9put\u00e9 des Alpes-Maritimes \u00c9ric Pauget (Droite R\u00e9publicaine). En Europe, seule l\u2019Autriche a inscrit la confr\u00e9rie sur sa liste noire. Les Fr\u00e8res musulmans sont\u00a0<a href=\"http:\/\/www.lefigaro.fr\/international\/freres-musulmans-arabie-saoudite-egypte-russie-ces-pays-qui-ont-d-ores-et-deja-interdit-l-organisation-20250523\" data-fig-type=\"NewsFlash\" data-gtm-custom-categorie=\"navigation\" data-gtm-custom-action=\"crossclick\" data-gtm-custom-label=\"Contextuel\" data-gtm-event=\"customEventSPE\" data-fig-domain=\"LEFIGARO\" target=\"_blank\" rel=\"noopener\">par ailleurs interdits en Russie<\/a>, en Syrie, en \u00c9gypte, en Arabie saoudite, \u00e0 Bahre\u00efn et en Jordanie.<\/p>\n","protected":false},"excerpt":{"rendered":"Abou Dabi, qui craint l\u2019influence des Fr\u00e8res musulmans et a interdit la confr\u00e9rie sur son territoire en tant&hellip;\n","protected":false},"author":2,"featured_media":652442,"comment_status":"","ping_status":"","sticky":false,"template":"","format":"standard","meta":{"footnotes":""},"categories":[1588],"tags":[11,7714,1777,674,9305,12,473,1853,1851,1850,1852],"class_list":{"0":"post-652441","1":"post","2":"type-post","3":"status-publish","4":"format-standard","5":"has-post-thumbnail","7":"category-royaume-uni","8":"tag-actualites","9":"tag-emirats-arabes-unis","10":"tag-eu","11":"tag-europe","12":"tag-freres-musulmans","13":"tag-news","14":"tag-royaume-uni","15":"tag-royaume-uni-de-grande-bretagne-et-dirlande-du-nord","16":"tag-uk","17":"tag-united-kingdom","18":"tag-united-kingdom-of-great-britain-and-northern-ireland"},"share_on_mastodon":{"url":"https:\/\/pubeurope.com\/@fr\/115866984970181887","error":""},"_links":{"self":[{"href":"https:\/\/www.europesays.com\/fr\/wp-json\/wp\/v2\/posts\/652441","targetHints":{"allow":["GET"]}}],"collection":[{"href":"https:\/\/www.europesays.com\/fr\/wp-json\/wp\/v2\/posts"}],"about":[{"href":"https:\/\/www.europesays.com\/fr\/wp-json\/wp\/v2\/types\/post"}],"author":[{"embeddable":true,"href":"https:\/\/www.europesays.com\/fr\/wp-json\/wp\/v2\/users\/2"}],"replies":[{"embeddable":true,"href":"https:\/\/www.europesays.com\/fr\/wp-json\/wp\/v2\/comments?post=652441"}],"version-history":[{"count":0,"href":"https:\/\/www.europesays.com\/fr\/wp-json\/wp\/v2\/posts\/652441\/revisions"}],"wp:featuredmedia":[{"embeddable":true,"href":"https:\/\/www.europesays.com\/fr\/wp-json\/wp\/v2\/media\/652442"}],"wp:attachment":[{"href":"https:\/\/www.europesays.com\/fr\/wp-json\/wp\/v2\/media?parent=652441"}],"wp:term":[{"taxonomy":"category","embeddable":true,"href":"https:\/\/www.europesays.com\/fr\/wp-json\/wp\/v2\/categories?post=652441"},{"taxonomy":"post_tag","embeddable":true,"href":"https:\/\/www.europesays.com\/fr\/wp-json\/wp\/v2\/tags?post=652441"}],"curies":[{"name":"wp","href":"https:\/\/api.w.org\/{rel}","templated":true}]}}