{"id":652443,"date":"2026-01-09T20:17:11","date_gmt":"2026-01-09T20:17:11","guid":{"rendered":"https:\/\/www.europesays.com\/fr\/652443\/"},"modified":"2026-01-09T20:17:11","modified_gmt":"2026-01-09T20:17:11","slug":"lallemagne-veut-organiser-une-conference-daide","status":"publish","type":"post","link":"https:\/\/www.europesays.com\/fr\/652443\/","title":{"rendered":"l&rsquo;Allemagne veut organiser une conf\u00e9rence d&rsquo;aide"},"content":{"rendered":"<p>L\u2019Allemagne pr\u00e9voit d\u2019accueillir au printemps une conf\u00e9rence internationale d\u2019aide au Soudan afin de collecter des fonds d\u2019urgence pour ce pays ravag\u00e9 par la guerre civile, a annonc\u00e9 vendredi 9 janvier le minist\u00e8re allemand des Affaires \u00e9trang\u00e8res.<\/p>\n<p>\u00ab\u00a0Aujourd\u2019hui, le monde comm\u00e9more une date triste : 1 000 jours de guerre au Soudan\u00a0\u00bb, a d\u00e9clar\u00e9 une porte-parole du minist\u00e8re lors d\u2019une conf\u00e9rence de presse. Elle a soulign\u00e9 que \u00ab\u00a0beaucoup trop de personnes continuent de souffrir et de mourir l\u00e0-bas, victimes de la faim, de la soif, des d\u00e9placements et des viols\u00a0\u00bb.<\/p>\n<p>Une guerre sans issue depuis avril 2023<\/p>\n<p>La conf\u00e9rence devrait se tenir autour de la date anniversaire du d\u00e9clenchement du conflit (avril 2023), lorsque les combats ont \u00e9clat\u00e9 entre l\u2019arm\u00e9e r\u00e9guli\u00e8re, dirig\u00e9e par Abdel Fattah al-Burhane, et les Forces de soutien rapide (FSR), une milice paramilitaire command\u00e9e par Mohamed Hamdane Daglo.<\/p>\n<p>Depuis, les affrontements ont d\u00e9vast\u00e9 le pays, avec des rapports faisant \u00e9tat d\u2019atrocit\u00e9s, de massacres et de famine. Selon l\u2019ONU, la guerre a fait des dizaines de milliers de morts et provoqu\u00e9 le d\u00e9placement de pr\u00e8s de 12 millions de personnes.<\/p>\n<p>La pire crise humanitaire au monde<\/p>\n<p>Les pr\u00e9c\u00e9dentes conf\u00e9rences d\u2019aide au Soudan se sont tenues \u00e0 Paris en 2024 puis \u00e0 Londres en 2025, sans parvenir \u00e0 enrayer la catastrophe humanitaire. Les appels r\u00e9p\u00e9t\u00e9s de la communaut\u00e9 internationale \u00e0 un cessez-le-feu sont rest\u00e9s sans effet.<\/p>\n<p>Les deux camps sont accus\u00e9s de crimes de guerre, tandis que l\u2019ONU consid\u00e8re le Soudan comme confront\u00e9 \u00e0 \u00ab\u00a0la pire crise humanitaire au monde\u00a0\u00bb, dans un contexte d\u2019effondrement des infrastructures et d\u2019acc\u00e8s humanitaire extr\u00eamement limit\u00e9.<\/p>\n","protected":false},"excerpt":{"rendered":"L\u2019Allemagne pr\u00e9voit d\u2019accueillir au printemps une conf\u00e9rence internationale d\u2019aide au Soudan afin de collecter des fonds d\u2019urgence pour&hellip;\n","protected":false},"author":2,"featured_media":652444,"comment_status":"","ping_status":"","sticky":false,"template":"","format":"standard","meta":{"footnotes":""},"categories":[1587],"tags":[11,672,1804,1805,1803,1777,674,1801,12,1802],"class_list":{"0":"post-652443","1":"post","2":"type-post","3":"status-publish","4":"format-standard","5":"has-post-thumbnail","7":"category-allemagne","8":"tag-actualites","9":"tag-allemagne","10":"tag-bundesrepublik-deutschland","11":"tag-de","12":"tag-deutschland","13":"tag-eu","14":"tag-europe","15":"tag-germany","16":"tag-news","17":"tag-republique-federale-dallemagne"},"share_on_mastodon":{"url":"https:\/\/pubeurope.com\/@fr\/115866988925749228","error":""},"_links":{"self":[{"href":"https:\/\/www.europesays.com\/fr\/wp-json\/wp\/v2\/posts\/652443","targetHints":{"allow":["GET"]}}],"collection":[{"href":"https:\/\/www.europesays.com\/fr\/wp-json\/wp\/v2\/posts"}],"about":[{"href":"https:\/\/www.europesays.com\/fr\/wp-json\/wp\/v2\/types\/post"}],"author":[{"embeddable":true,"href":"https:\/\/www.europesays.com\/fr\/wp-json\/wp\/v2\/users\/2"}],"replies":[{"embeddable":true,"href":"https:\/\/www.europesays.com\/fr\/wp-json\/wp\/v2\/comments?post=652443"}],"version-history":[{"count":0,"href":"https:\/\/www.europesays.com\/fr\/wp-json\/wp\/v2\/posts\/652443\/revisions"}],"wp:featuredmedia":[{"embeddable":true,"href":"https:\/\/www.europesays.com\/fr\/wp-json\/wp\/v2\/media\/652444"}],"wp:attachment":[{"href":"https:\/\/www.europesays.com\/fr\/wp-json\/wp\/v2\/media?parent=652443"}],"wp:term":[{"taxonomy":"category","embeddable":true,"href":"https:\/\/www.europesays.com\/fr\/wp-json\/wp\/v2\/categories?post=652443"},{"taxonomy":"post_tag","embeddable":true,"href":"https:\/\/www.europesays.com\/fr\/wp-json\/wp\/v2\/tags?post=652443"}],"curies":[{"name":"wp","href":"https:\/\/api.w.org\/{rel}","templated":true}]}}