{"id":652455,"date":"2026-01-09T20:25:13","date_gmt":"2026-01-09T20:25:13","guid":{"rendered":"https:\/\/www.europesays.com\/fr\/652455\/"},"modified":"2026-01-09T20:25:13","modified_gmt":"2026-01-09T20:25:13","slug":"clermont-va-frapper-fort-sur-le-marche-des-transferts-et-coiffer-le-lou-qui-narrive-toujours-pas-a-recruter","status":"publish","type":"post","link":"https:\/\/www.europesays.com\/fr\/652455\/","title":{"rendered":"Clermont va frapper fort sur le march\u00e9 des transferts et coiffer le LOU qui n\u2019arrive toujours pas \u00e0 recruter !"},"content":{"rendered":"<p>Clermont continue d\u2019animer le march\u00e9 des transferts avec ambition. Apr\u00e8s avoir s\u00e9curis\u00e9 l\u2019arriv\u00e9e du centre n\u00e9o-z\u00e9landais AJ Lam, en provenance des Auckland Blues, le club auvergnat s\u2019attaque d\u00e9sormais \u00e0 un nouveau dossier d\u2019envergure.<\/p>\n<p>Selon les informations de <a href=\"http:\/\/rugbyrama.fr\/2026\/01\/09\/exclu-midol-transfertstop-14-clermont-un-wallaby-en-approche-13152304.php\" target=\"_blank\" rel=\"noopener\">Midi Olympique<\/a>, l\u2019ASM est en contacts tr\u00e8s avanc\u00e9s avec le deuxi\u00e8me ligne australien Darcy Swain, international wallaby \u00e0 17 s\u00e9lections.<\/p>\n<p>\u00c0 28 ans, le puissant lock de 2 m\u00e8tres pour 113 kilos pr\u00e9sente un profil particuli\u00e8rement recherch\u00e9 en Top 14, \u00e0 la fois dense physiquement et rompu aux exigences du tr\u00e8s haut niveau.<\/p>\n<p><strong>Un solide CV en Super Rugby<\/strong><\/p>\n<p>Form\u00e9 et longtemps fid\u00e8le aux Brumbies, Darcy Swain \u00e9volue actuellement sous les couleurs de la Western Force. En Super Rugby, son exp\u00e9rience parle pour lui : 92 matchs disput\u00e9s dans l\u2019une des comp\u00e9titions les plus exigeantes au monde. R\u00e9guli\u00e8rement align\u00e9 en num\u00e9ro 4, il s\u2019est impos\u00e9 comme un joueur fiable dans les t\u00e2ches obscures, mais aussi pr\u00e9cieux en conqu\u00eate.<\/p>\n<p>S\u2019il n\u2019a pas \u00e9t\u00e9 retenu pour la Coupe du monde 2023 avec l\u2019Australie, son parcours international reste significatif. Sa derni\u00e8re s\u00e9lection avec les Wallabies remonte \u00e0 la tourn\u00e9e de novembre 2022, avant de continuer \u00e0 porter le maillot d\u2019Australie A, notamment cet \u00e9t\u00e9 face au Japon.<\/p>\n<p><strong>Une concurrence fran\u00e7aise, mais un avantage clermontois<\/strong><\/p>\n<p>Libre sur le march\u00e9, Darcy Swain ne manque pas de courtisans. Lyon s\u2019est notamment pench\u00e9 sur son profil ces derni\u00e8res semaines. Mais \u00e0 ce stade, c\u2019est bien Clermont qui semble avoir pris une longueur d\u2019avance dans ce dossier strat\u00e9gique.<\/p>\n<p>L\u2019ASM, en qu\u00eate de renforts cibl\u00e9s pour densifier son pack et pr\u00e9parer les prochaines saisons, voit en l\u2019Australien un joueur imm\u00e9diatement op\u00e9rationnel, capable d\u2019apporter impact, exp\u00e9rience et leadership.<\/p>\n<p>Lyon n\u2019a d\u2019ailleurs toujours pas r\u00e9ussi \u00e0 recruter pour la saison prochaine, Brian Alain\u2019uese un temps envisag\u00e9 s\u2019est engag\u00e9 \u00e0 Bayonne, et Darcy Swain ne viendra probablement pas.<\/p>\n<p><strong>Un signal fort envoy\u00e9 par l\u2019ASM<\/strong><\/p>\n<p>Si l\u2019op\u00e9ration venait \u00e0 se conclure, Clermont confirmerait sa volont\u00e9 de s\u2019appuyer sur des profils internationaux aguerris pour retrouver les sommets du Top 14. Apr\u00e8s AJ Lam derri\u00e8re, l\u2019arriv\u00e9e potentielle de Darcy Swain devant dessinerait les contours d\u2019un recrutement ambitieux, pens\u00e9 pour hausser le niveau global de l\u2019effectif.<\/p>\n<p>En Auvergne, le mercato est loin d\u2019\u00eatre termin\u00e9\u2026 et l\u2019ASM semble bien d\u00e9cid\u00e9e \u00e0 faire du bruit.<\/p>\n","protected":false},"excerpt":{"rendered":"Clermont continue d\u2019animer le march\u00e9 des transferts avec ambition. Apr\u00e8s avoir s\u00e9curis\u00e9 l\u2019arriv\u00e9e du centre n\u00e9o-z\u00e9landais AJ Lam,&hellip;\n","protected":false},"author":2,"featured_media":652456,"comment_status":"","ping_status":"","sticky":false,"template":"","format":"standard","meta":{"footnotes":""},"categories":[1416],"tags":[1011,27,479,1468,60],"class_list":{"0":"post-652455","1":"post","2":"type-post","3":"status-publish","4":"format-standard","5":"has-post-thumbnail","7":"category-rugby","8":"tag-fr","9":"tag-france","10":"tag-rugby","11":"tag-rugby-football","12":"tag-sports"},"share_on_mastodon":{"url":"https:\/\/pubeurope.com\/@fr\/115867020340391271","error":""},"_links":{"self":[{"href":"https:\/\/www.europesays.com\/fr\/wp-json\/wp\/v2\/posts\/652455","targetHints":{"allow":["GET"]}}],"collection":[{"href":"https:\/\/www.europesays.com\/fr\/wp-json\/wp\/v2\/posts"}],"about":[{"href":"https:\/\/www.europesays.com\/fr\/wp-json\/wp\/v2\/types\/post"}],"author":[{"embeddable":true,"href":"https:\/\/www.europesays.com\/fr\/wp-json\/wp\/v2\/users\/2"}],"replies":[{"embeddable":true,"href":"https:\/\/www.europesays.com\/fr\/wp-json\/wp\/v2\/comments?post=652455"}],"version-history":[{"count":0,"href":"https:\/\/www.europesays.com\/fr\/wp-json\/wp\/v2\/posts\/652455\/revisions"}],"wp:featuredmedia":[{"embeddable":true,"href":"https:\/\/www.europesays.com\/fr\/wp-json\/wp\/v2\/media\/652456"}],"wp:attachment":[{"href":"https:\/\/www.europesays.com\/fr\/wp-json\/wp\/v2\/media?parent=652455"}],"wp:term":[{"taxonomy":"category","embeddable":true,"href":"https:\/\/www.europesays.com\/fr\/wp-json\/wp\/v2\/categories?post=652455"},{"taxonomy":"post_tag","embeddable":true,"href":"https:\/\/www.europesays.com\/fr\/wp-json\/wp\/v2\/tags?post=652455"}],"curies":[{"name":"wp","href":"https:\/\/api.w.org\/{rel}","templated":true}]}}