{"id":652469,"date":"2026-01-09T20:36:13","date_gmt":"2026-01-09T20:36:13","guid":{"rendered":"https:\/\/www.europesays.com\/fr\/652469\/"},"modified":"2026-01-09T20:36:13","modified_gmt":"2026-01-09T20:36:13","slug":"radio-intensite-arbres-poubelles-ou-trampoline-sur-les-routes","status":"publish","type":"post","link":"https:\/\/www.europesays.com\/fr\/652469\/","title":{"rendered":"RADIO INTENSITE | Arbres, poubelles ou trampoline sur les routes"},"content":{"rendered":"<p><img decoding=\"async\" class=\"\" style=\"width:100%;max-width:100%\" src=\"https:\/\/www.europesays.com\/fr\/wp-content\/uploads\/2026\/01\/613649041_10225532436976067_5806528899667326165_n1767940106396-format16by9.jpg\" alt=\"trampoline temp\u00eate route\"\/><\/p>\n<p>Un trampoline envol\u00e9 avec la temp\u00eate Goretti \u00e0 Saint-Lubin-des-Joncherets\u00a9 Fabien Leroy<\/p>\n<p align=\"JUSTIFY\">Attention aux arbres, branches, lignes \u00e9lectriques, d\u00e9tritus en tout genre mais aussi conteneurs poubelles sur les routes. La temp\u00eate Goretti a tout souffl\u00e9 sur son passage.\u00a0Une tonnelle route de Lumeau ou un trampoline \u00e0 Saint-Lubin-des-Joncherets ont m\u00eame \u00e9t\u00e9 aper\u00e7us.<\/p>\n<p align=\"JUSTIFY\">Justine parlait ainsi \u00e0 5h d&rsquo;un arbre qui entravait la route de Sours qui rejoint la N154, un arbre bloquait aussi la voie de droite sur la D24 entre Nogent-le-Phaye et Houville-la-Branche, indiquait Ga\u00ebl qui pr\u00e9cisait que le danger se situait dans un virage.<\/p>\n<p align=\"JUSTIFY\">Gros arbre aussi en travers \u00e0 la sortie du Moulin \u00e0 Conie-Molitard ou \u00e0 la sortie de thiron-gardais vers l&rsquo;ancienne station d&rsquo;\u00e9puration.<\/p>\n<p align=\"JUSTIFY\">Selon un premier bilan communiqu\u00e9 par la Pr\u00e9fecture d&rsquo;Eure-et-Loir peu avant 13h, les sapeurs-pompiers eur\u00e9liens ont \u00e9t\u00e9 mobilis\u00e9s pour 29 interventions au total. Egalement, toujours selon la Pr\u00e9fecture, 90 arbres ont c\u00e9d\u00e9 sous la violence des rafales de vent, occasionnant la fermture de 32 routes eur\u00e9liennes. Des interventions sont toujours en cours.\u00a0<\/p>\n","protected":false},"excerpt":{"rendered":"Un trampoline envol\u00e9 avec la temp\u00eate Goretti \u00e0 Saint-Lubin-des-Joncherets\u00a9 Fabien Leroy Attention aux arbres, branches, lignes \u00e9lectriques, d\u00e9tritus&hellip;\n","protected":false},"author":2,"featured_media":652470,"comment_status":"","ping_status":"","sticky":false,"template":"","format":"standard","meta":{"footnotes":""},"categories":[1355],"tags":[61308,61309,61310,61311,11,4763,6874,903,58,59,1939,118,1011,27,61304,61305,61307,61302,37289,61303,61306,1114,5590,1197,1361,873,316,1825,35435,61301,6133,3686],"class_list":{"0":"post-652469","1":"post","2":"type-post","3":"status-publish","4":"format-standard","5":"has-post-thumbnail","7":"category-musique","8":"tag-actu-chartres","9":"tag-actu-chateaudun","10":"tag-actu-dreux","11":"tag-actu-nogent-le-rotrou","12":"tag-actualites","13":"tag-agenda","14":"tag-cadeau","15":"tag-concours","16":"tag-divertissement","17":"tag-entertainment","18":"tag-eure-et-loir","19":"tag-faits-divers","20":"tag-fr","21":"tag-france","22":"tag-info-chartres","23":"tag-info-chateaudun","24":"tag-info-dreux","25":"tag-info-eure-et-loir","26":"tag-info-locale","27":"tag-info-locale-eure-et-loir","28":"tag-info-nogent-le-rotrou","29":"tag-infos","30":"tag-intensite","31":"tag-jeu","32":"tag-music","33":"tag-musique","34":"tag-politique","35":"tag-radio","36":"tag-radio-intensite","37":"tag-region-centre-val-de-loire","38":"tag-reportages","39":"tag-sortie"},"share_on_mastodon":{"url":"https:\/\/pubeurope.com\/@fr\/115867063766677227","error":""},"_links":{"self":[{"href":"https:\/\/www.europesays.com\/fr\/wp-json\/wp\/v2\/posts\/652469","targetHints":{"allow":["GET"]}}],"collection":[{"href":"https:\/\/www.europesays.com\/fr\/wp-json\/wp\/v2\/posts"}],"about":[{"href":"https:\/\/www.europesays.com\/fr\/wp-json\/wp\/v2\/types\/post"}],"author":[{"embeddable":true,"href":"https:\/\/www.europesays.com\/fr\/wp-json\/wp\/v2\/users\/2"}],"replies":[{"embeddable":true,"href":"https:\/\/www.europesays.com\/fr\/wp-json\/wp\/v2\/comments?post=652469"}],"version-history":[{"count":0,"href":"https:\/\/www.europesays.com\/fr\/wp-json\/wp\/v2\/posts\/652469\/revisions"}],"wp:featuredmedia":[{"embeddable":true,"href":"https:\/\/www.europesays.com\/fr\/wp-json\/wp\/v2\/media\/652470"}],"wp:attachment":[{"href":"https:\/\/www.europesays.com\/fr\/wp-json\/wp\/v2\/media?parent=652469"}],"wp:term":[{"taxonomy":"category","embeddable":true,"href":"https:\/\/www.europesays.com\/fr\/wp-json\/wp\/v2\/categories?post=652469"},{"taxonomy":"post_tag","embeddable":true,"href":"https:\/\/www.europesays.com\/fr\/wp-json\/wp\/v2\/tags?post=652469"}],"curies":[{"name":"wp","href":"https:\/\/api.w.org\/{rel}","templated":true}]}}