{"id":652471,"date":"2026-01-09T20:37:19","date_gmt":"2026-01-09T20:37:19","guid":{"rendered":"https:\/\/www.europesays.com\/fr\/652471\/"},"modified":"2026-01-09T20:37:19","modified_gmt":"2026-01-09T20:37:19","slug":"tom-cruise-a-filme-un-duel-au-sabre-laser-pour-star-wars-starfighter","status":"publish","type":"post","link":"https:\/\/www.europesays.com\/fr\/652471\/","title":{"rendered":"Tom Cruise a film\u00e9 un duel au sabre laser pour \u00ab\u00a0Star Wars: Starfighter\u00a0\u00bb"},"content":{"rendered":"<p>L&rsquo;acteur de Mission: Impossible s&rsquo;est invit\u00e9 sur le tournage du prochain Star Wars et a pris la cam\u00e9ra pour r\u00e9aliser une sc\u00e8ne d&rsquo;action. Shawn Levy, le r\u00e9alisateur, raconte cette visite surprise de dernier.<\/p>\n<p>Tom Cruise n&rsquo;a pas pu r\u00e9sister. Alors qu&rsquo;il rendait visite en novembre dernier au tournage de Star Wars: Starfighter, l&rsquo;acteur a fini par prendre la cam\u00e9ra pour filmer lui-m\u00eame une sc\u00e8ne de duel au sabre laser. Le r\u00e9alisateur Shawn Levy a r\u00e9v\u00e9l\u00e9 cette anecdote au <a href=\"https:\/\/www.nytimes.com\/2026\/01\/08\/movies\/shawn-levy-star-wars-stranger-things.html\" target=\"_blank\" class=\"external_link\" rel=\"noopener\">New York Times<\/a> le 8 janvier.<\/p>\n<blockquote class=\"embed embed_quote\"><p>\u00ab\u00a0La semaine derni\u00e8re, Steven Spielberg \u00e9tait l\u00e0. Et maintenant, c&rsquo;est Tom Cruise qui manie une cam\u00e9ra et qui ab\u00eeme ses tr\u00e8s belles chaussures\u00a0\u00bb, raconte-t-il.<\/p><\/blockquote>\n<p>Tom Cruise serait arriv\u00e9 sur le plateau en h\u00e9licopt\u00e8re. Simple observateur, l&rsquo;acteur a finalement accept\u00e9 la suggestion du r\u00e9alisateur, formul\u00e9e sur le ton de la plaisanterie, de passer derri\u00e8re la cam\u00e9ra.<\/p>\n<p>Le r\u00e9alisteur pr\u00e9parait une sc\u00e8ne incluant des sabres laser dans l&rsquo;eau, quand l&rsquo;acteur s&rsquo;est enfonc\u00e9 dans un \u00e9tang boueux, cam\u00e9ra \u00e0 la main. \u00ab\u00a0Maintenant, quand vous verrez le film, vous saurez quelle partie a \u00e9t\u00e9 tourn\u00e9e par Tom. C&rsquo;est super cool, non?\u00a0\u00bb, s&rsquo;enthousiasme le r\u00e9alisateur.<\/p>\n<p>Si Tom Cruise n&rsquo;a r\u00e9alis\u00e9 qu&rsquo;un seul projet au cours de sa carri\u00e8re (un \u00e9pisode de la s\u00e9rie Fallen Angels en 1993), il est r\u00e9put\u00e9 pour s&rsquo;impliquer activement dans la mise en sc\u00e8ne de ses films.<\/p>\n<p>Relancer Star Wars au cin\u00e9ma<\/p>\n<p>Star Wars: Starfighter repr\u00e9sente un enjeu majeur pour Lucasfilm. Plus de sept ans apr\u00e8s L&rsquo;Ascension de Skywalker (2019), le studio peine \u00e0 faire revivre la saga au cin\u00e9ma apr\u00e8s le fiasco critique de sa derni\u00e8re trilogie. Disney esp\u00e8re que Shawn Levy, qui a revitalis\u00e9 Marvel avec Deadpool &amp; Wolverine (1,3 milliard de dollars de recettes en 2024), saura r\u00e9concilier les fans de la premi\u00e8re heure.<\/p>\n<p>Le film, situ\u00e9 cinq ans apr\u00e8s les \u00e9v\u00e9nements de L&rsquo;Ascension de Skywalker, suivra un oncle et son neveu, interpr\u00e9t\u00e9s par Ryan Gosling et Flynn Gray. Le casting r\u00e9unit \u00e9galement Mia Goth, Matt Smith, Aaron Pierre et Amy Adams. L&rsquo;intrigue reste myst\u00e9rieuse: on sait seulement qu&rsquo;elle suivra un pilote charg\u00e9 de prot\u00e9ger un jeune gar\u00e7on.<\/p>\n<p>Le tournage s&rsquo;est achev\u00e9 en d\u00e9cembre 2025. La sortie en salles est pr\u00e9vue pour le 26 mai 2027 en France.<\/p>\n","protected":false},"excerpt":{"rendered":"L&rsquo;acteur de Mission: Impossible s&rsquo;est invit\u00e9 sur le tournage du prochain Star Wars et a pris la cam\u00e9ra&hellip;\n","protected":false},"author":2,"featured_media":540123,"comment_status":"","ping_status":"","sticky":false,"template":"","format":"standard","meta":{"footnotes":""},"categories":[1354],"tags":[58,59,1346,1011,27,1360],"class_list":{"0":"post-652471","1":"post","2":"type-post","3":"status-publish","4":"format-standard","5":"has-post-thumbnail","7":"category-films","8":"tag-divertissement","9":"tag-entertainment","10":"tag-films","11":"tag-fr","12":"tag-france","13":"tag-movies"},"share_on_mastodon":{"url":"https:\/\/pubeurope.com\/@fr\/115867067584574766","error":""},"_links":{"self":[{"href":"https:\/\/www.europesays.com\/fr\/wp-json\/wp\/v2\/posts\/652471","targetHints":{"allow":["GET"]}}],"collection":[{"href":"https:\/\/www.europesays.com\/fr\/wp-json\/wp\/v2\/posts"}],"about":[{"href":"https:\/\/www.europesays.com\/fr\/wp-json\/wp\/v2\/types\/post"}],"author":[{"embeddable":true,"href":"https:\/\/www.europesays.com\/fr\/wp-json\/wp\/v2\/users\/2"}],"replies":[{"embeddable":true,"href":"https:\/\/www.europesays.com\/fr\/wp-json\/wp\/v2\/comments?post=652471"}],"version-history":[{"count":0,"href":"https:\/\/www.europesays.com\/fr\/wp-json\/wp\/v2\/posts\/652471\/revisions"}],"wp:featuredmedia":[{"embeddable":true,"href":"https:\/\/www.europesays.com\/fr\/wp-json\/wp\/v2\/media\/540123"}],"wp:attachment":[{"href":"https:\/\/www.europesays.com\/fr\/wp-json\/wp\/v2\/media?parent=652471"}],"wp:term":[{"taxonomy":"category","embeddable":true,"href":"https:\/\/www.europesays.com\/fr\/wp-json\/wp\/v2\/categories?post=652471"},{"taxonomy":"post_tag","embeddable":true,"href":"https:\/\/www.europesays.com\/fr\/wp-json\/wp\/v2\/tags?post=652471"}],"curies":[{"name":"wp","href":"https:\/\/api.w.org\/{rel}","templated":true}]}}