{"id":652472,"date":"2026-01-09T20:38:14","date_gmt":"2026-01-09T20:38:14","guid":{"rendered":"https:\/\/www.europesays.com\/fr\/652472\/"},"modified":"2026-01-09T20:38:14","modified_gmt":"2026-01-09T20:38:14","slug":"je-pensais-que-ca-ferait-une-difference-la-desillusion-frequente-avec-les-superaliments","status":"publish","type":"post","link":"https:\/\/www.europesays.com\/fr\/652472\/","title":{"rendered":"\u00ab Je pensais que \u00e7a ferait une diff\u00e9rence \u00bb : la d\u00e9sillusion fr\u00e9quente avec les superaliments"},"content":{"rendered":"<p>Nous sommes le 9 janvier 2026, les f\u00eates sont derri\u00e8re nous, et comme chaque ann\u00e9e \u00e0 cette p\u00e9riode, la fatigue de l&rsquo;hiver se fait sentir. C&rsquo;est le moment pr\u00e9cis o\u00f9 nous sommes le plus vuln\u00e9rables aux promesses all\u00e9chantes des rayons di\u00e9t\u00e9tiques. Qui n&rsquo;a jamais craqu\u00e9 pour un sachet de baies exotiques au prix du caviar ou une poudre verte cens\u00e9e redonner l&rsquo;\u00e9nergie de nos vingt ans en une cuill\u00e8re \u00e0 caf\u00e9 ? Nous avons tous ressenti cet espoir un peu na\u00eff en saupoudrant nos yaourts, persuad\u00e9s que ce geste simple allait transformer notre quotidien. Pourtant, quelques semaines plus tard, le constat est souvent le m\u00eame : le sachet est \u00e0 moiti\u00e9 vide dans le placard, et notre niveau d&rsquo;\u00e9nergie, lui, n&rsquo;a pas boug\u00e9 d&rsquo;un iota. Cette sensation de \u00ab\u00a0s&rsquo;\u00eatre fait avoir\u00a0\u00bb est de plus en plus courante, et il est <strong>essentiel de comprendre<\/strong> pourquoi ces produits ne sont pas les sauveurs que nous attendons.<\/p>\n<p>Le mirage des promesses : pourquoi nous avons tant envie d&rsquo;y croire<\/p>\n<p>Il faut avouer que le discours est parfaitement rod\u00e9. On nous vend du r\u00eave en sachet, litt\u00e9ralement. Pour nous, qui cherchons \u00e0 entretenir notre vitalit\u00e9 et \u00e0 pr\u00e9server notre mobilit\u00e9 au fil des ann\u00e9es, l&rsquo;id\u00e9e qu&rsquo;un simple aliment puisse agir comme un <strong>bouclier contre le vieillissement<\/strong> est extr\u00eamement s\u00e9duisante. Les emballages color\u00e9s et les noms \u00e9vocateurs nous transportent vers des contr\u00e9es lointaines o\u00f9 la sant\u00e9 semble \u00e9ternelle.<\/p>\n<p><strong>Les superaliments s\u00e9duisent car ils sont associ\u00e9s \u00e0 des bienfaits sant\u00e9 souvent exag\u00e9r\u00e9s.<\/strong> On nous parle d&rsquo;antioxydants surpuissants, de vitalit\u00e9 retrouv\u00e9e instantan\u00e9ment ou de protection articulaire miracle. C&rsquo;est humain de vouloir croire qu&rsquo;une solution facile existe, surtout lorsque l&rsquo;on ressent les petites douleurs du matin ou une baisse de r\u00e9gime l&rsquo;apr\u00e8s-midi. Nous achetons, au fond, une forme de rassurance.<\/p>\n<p>Cependant, cette qu\u00eate du produit miracle nous d\u00e9tourne parfois de l&rsquo;essentiel. En focalisant notre attention (et notre budget) sur une baie de Goji ou des graines de Chia, nous oublions parfois que la sant\u00e9 se construit sur des bases <strong>beaucoup plus larges et moins co\u00fbteuses<\/strong>. C&rsquo;est un peu comme vouloir repeindre la fa\u00e7ade d&rsquo;une maison dont les fondations m\u00e9riteraient d&rsquo;abord notre attention.<\/p>\n<p>Face \u00e0 la r\u00e9alit\u00e9 : l&rsquo;absence de miracle scientifique<\/p>\n<p>Il est temps de regarder la v\u00e9rit\u00e9 en face, avec bienveillance mais lucidit\u00e9. En ce d\u00e9but d&rsquo;ann\u00e9e 2026, la science n&rsquo;a toujours pas valid\u00e9 l&rsquo;existence d&rsquo;un aliment magique capable de r\u00e9soudre tous nos maux \u00e0 lui seul. Ces produits <strong>d\u00e9\u00e7oivent fr\u00e9quemment en raison du manque de preuves scientifiques solides<\/strong> et de l&rsquo;\u00e9cart immense entre le marketing et la physiologie r\u00e9elle de notre corps. Aucune graine ne fera de miracle au quotidien si elle n&rsquo;est pas accompagn\u00e9e d&rsquo;un mode de vie actif et \u00e9quilibr\u00e9.<\/p>\n<p>Plut\u00f4t que de miser sur une poudre, il est bien plus efficace de privil\u00e9gier le mouvement. Pour retrouver de l&rsquo;\u00e9nergie et entretenir votre mobilit\u00e9, voici un petit tableau de <strong>gestes simples \u00e0 int\u00e9grer<\/strong>, bien plus puissants que n&rsquo;importe quel compl\u00e9ment alimentaire :<\/p>\n<tr style=\"background-color: #f0f0f0\">\n<strong>Geste simple<\/strong><br \/>\n<strong>Dur\u00e9e \/ Fr\u00e9quence<\/strong><br \/>\n<strong>Effet attendu<\/strong><br \/>\n<\/tr>\n<tr>\n<td>Les ronds d&rsquo;\u00e9paules<\/td>\n<td>30 secondes chaque matin<\/td>\n<td>Lib\u00e8re les tensions cervicales et r\u00e9veille le haut du corps.<\/td>\n<\/tr>\n<tr>\n<td>Lever de genoux (assis ou debout)<\/td>\n<td>1 minute en douceur<\/td>\n<td>Active la circulation sanguine et entretient la hanche.<\/td>\n<\/tr>\n<tr>\n<td>\u00c9tirement des bras vers le ciel<\/td>\n<td>3 grandes inspirations<\/td>\n<td>Ouvre la cage thoracique et redonne un coup de fouet imm\u00e9diat.<\/td>\n<\/tr>\n<p>Ces mouvements ne co\u00fbtent rien, sont accessibles \u00e0 tous et prouvent leur efficacit\u00e9 imm\u00e9diatement. C&rsquo;est cette <strong>r\u00e9gularit\u00e9 dans l&rsquo;action<\/strong>, et non l&rsquo;ingestion d&rsquo;un produit rare, qui fera la diff\u00e9rence sur votre tonus.<\/p>\n<p>Le retour au bon sens : la diversit\u00e9 dans l&rsquo;assiette<\/p>\n<p>Finalement, le secret pour \u00eatre en bonne sant\u00e9 n&rsquo;a rien de secret ni d&rsquo;exotique. <strong>Gardez votre bon sens et misez tout sur la diversit\u00e9 alimentaire plut\u00f4t que sur une poudre hors de prix.<\/strong> Nos march\u00e9s regorgent de \u00ab\u00a0superaliments\u00a0\u00bb qui ne portent pas ce nom marketing mais qui sont pourtant des tr\u00e9sors nutritionnels. En ce mois de janvier, le chou, le poireau, la carotte ou encore le kiwi sont vos meilleurs alli\u00e9s.<\/p>\n<p>Pour vous aider \u00e0 y voir plus clair, voici une liste de r\u00e9flexes simples pour <strong>booster votre \u00e9nergie<\/strong> sans tomber dans le panneau du marketing :<\/p>\n<ul>\n<li><strong>Privil\u00e9giez les produits bruts et de saison :<\/strong> Ils sont naturellement plus riches en vitamines que des produits transform\u00e9s ou import\u00e9s de l&rsquo;autre bout du monde.<\/li>\n<li><strong>Variez les couleurs :<\/strong> Chaque couleur de l\u00e9gume ou de fruit apporte des antioxydants diff\u00e9rents. Une assiette color\u00e9e est une assiette protectrice.<\/li>\n<li><strong>Revenez aux l\u00e9gumineuses :<\/strong> Lentilles, pois chiches et haricots blancs sont excellents pour le maintien de la masse musculaire, essentiel apr\u00e8s 50 ans.<\/li>\n<li><strong>Misez sur les herbes et \u00e9pices :<\/strong> Le persil, le curcuma ou le thym sont de v\u00e9ritables concentr\u00e9s de bienfaits, bien plus \u00e9conomiques que les extraits en g\u00e9lules.<\/li>\n<\/ul>\n<p>L&rsquo;id\u00e9e n&rsquo;est pas de se priver de tout, mais de comprendre que la base de notre vitalit\u00e9 r\u00e9side dans la vari\u00e9t\u00e9 et la simplicit\u00e9. Une soupe maison avec des l\u00e9gumes d&rsquo;hiver aura toujours plus d&rsquo;impact positif sur votre organisme qu&rsquo;une barre \u00e9nerg\u00e9tique ultra-transform\u00e9e.<\/p>\n<p>La v\u00e9ritable \u00ab\u00a0magie\u00a0\u00bb op\u00e8re lorsque l&rsquo;on combine une <strong>alimentation vari\u00e9e, locale et de saison<\/strong> avec une activit\u00e9 physique douce et r\u00e9guli\u00e8re. Alors, pour cette nouvelle ann\u00e9e, pourquoi ne pas simplement red\u00e9couvrir le plaisir de cuisiner les l\u00e9gumes du march\u00e9 et de bouger un peu chaque jour ?<\/p>\n","protected":false},"excerpt":{"rendered":"Nous sommes le 9 janvier 2026, les f\u00eates sont derri\u00e8re nous, et comme chaque ann\u00e9e \u00e0 cette p\u00e9riode,&hellip;\n","protected":false},"author":2,"featured_media":652473,"comment_status":"","ping_status":"","sticky":false,"template":"","format":"standard","meta":{"footnotes":""},"categories":[10],"tags":[26340,4988,1011,27,72,56,71],"class_list":{"0":"post-652472","1":"post","2":"type-post","3":"status-publish","4":"format-standard","5":"has-post-thumbnail","7":"category-sante","8":"tag-exercice","9":"tag-forme","10":"tag-fr","11":"tag-france","12":"tag-health","13":"tag-push","14":"tag-sante"},"share_on_mastodon":{"url":"https:\/\/pubeurope.com\/@fr\/115867071560097294","error":""},"_links":{"self":[{"href":"https:\/\/www.europesays.com\/fr\/wp-json\/wp\/v2\/posts\/652472","targetHints":{"allow":["GET"]}}],"collection":[{"href":"https:\/\/www.europesays.com\/fr\/wp-json\/wp\/v2\/posts"}],"about":[{"href":"https:\/\/www.europesays.com\/fr\/wp-json\/wp\/v2\/types\/post"}],"author":[{"embeddable":true,"href":"https:\/\/www.europesays.com\/fr\/wp-json\/wp\/v2\/users\/2"}],"replies":[{"embeddable":true,"href":"https:\/\/www.europesays.com\/fr\/wp-json\/wp\/v2\/comments?post=652472"}],"version-history":[{"count":0,"href":"https:\/\/www.europesays.com\/fr\/wp-json\/wp\/v2\/posts\/652472\/revisions"}],"wp:featuredmedia":[{"embeddable":true,"href":"https:\/\/www.europesays.com\/fr\/wp-json\/wp\/v2\/media\/652473"}],"wp:attachment":[{"href":"https:\/\/www.europesays.com\/fr\/wp-json\/wp\/v2\/media?parent=652472"}],"wp:term":[{"taxonomy":"category","embeddable":true,"href":"https:\/\/www.europesays.com\/fr\/wp-json\/wp\/v2\/categories?post=652472"},{"taxonomy":"post_tag","embeddable":true,"href":"https:\/\/www.europesays.com\/fr\/wp-json\/wp\/v2\/tags?post=652472"}],"curies":[{"name":"wp","href":"https:\/\/api.w.org\/{rel}","templated":true}]}}