{"id":652479,"date":"2026-01-09T20:42:11","date_gmt":"2026-01-09T20:42:11","guid":{"rendered":"https:\/\/www.europesays.com\/fr\/652479\/"},"modified":"2026-01-09T20:42:11","modified_gmt":"2026-01-09T20:42:11","slug":"bourse-ces-valeurs-delaissees-en-2025-qui-pourraient-rebondir-en-2026","status":"publish","type":"post","link":"https:\/\/www.europesays.com\/fr\/652479\/","title":{"rendered":"Bourse\u00a0:\u00a0ces valeurs d\u00e9laiss\u00e9es en 2025 qui pourraient rebondir en 2026"},"content":{"rendered":"<p>\n    <strong>ANALYSE<\/strong> &#8211; Le CAC\u00a040 a grimp\u00e9 de plus de 10\u00a0% l\u2019an dernier et vient d\u2019inscrire un record. Mais des pans entiers de la cote sont rest\u00e9s \u00e0 l\u2019\u00e9cart de cette euphorie.<\/p>\n<p class=\"fig-paragraph\">L\u2019ann\u00e9e 2026 d\u00e9bute sur les chapeaux de roues pour\u00a0<a href=\"http:\/\/www.lefigaro.fr\/societes\/apres-avoir-releve-la-tete-en-2025-le-cac-40-a-de-solides-atouts-pour-2026-20251231\" data-fig-type=\"Article\" data-gtm-custom-categorie=\"navigation\" data-gtm-custom-action=\"crossclick\" data-gtm-custom-label=\"Contextuel\" data-gtm-event=\"customEventSPE\" data-fig-domain=\"LEFIGARO\" target=\"_blank\" rel=\"noopener\">le CAC\u00a040<\/a>. L\u2019indice phare vient d\u2019inscrire\u00a0<a href=\"http:\/\/www.lefigaro.fr\/conjoncture\/bourse-de-paris-le-cac-40-atteint-un-nouveau-record-absolu-a-plus-de-8315-points-20260109\" data-fig-type=\"NewsFlash\" data-gtm-custom-categorie=\"navigation\" data-gtm-custom-action=\"crossclick\" data-gtm-custom-label=\"Contextuel\" data-gtm-event=\"customEventSPE\" data-fig-domain=\"LEFIGARO\" target=\"_blank\" rel=\"noopener\">un nouveau record absolu en s\u00e9ance vendredi<\/a>, \u00e0 plus de 8\u00a0315\u00a0points.\u00a0L\u2019an dernier, il avait d\u00e9j\u00e0 grimp\u00e9 de plus de 10\u00a0%\u00a0: il avait \u00e9t\u00e9 tir\u00e9 vers le haut par les banques, les sp\u00e9cialistes de l\u2019a\u00e9ronautique et de la d\u00e9fense et par quelques industriels. Certaines valeurs \u00e9taient en revanche rest\u00e9es \u00e0 l\u2019\u00e9cart de l\u2019euphorie. Le foss\u00e9 s\u00e9parant les titres les plus performants du CAC\u00a040, comme Soci\u00e9t\u00e9 g\u00e9n\u00e9rale (+\u00a0150\u00a0% en 2025) et les autres, \u00e0 l\u2019image de Pernod Ricard (-\u00a033\u00a0%), n\u2019a d\u2019ailleurs pratiquement jamais \u00e9t\u00e9 aussi profond.<\/p>\n<p class=\"fig-paragraph\">L\u2019ann\u00e9e 2025\u00a0<a href=\"http:\/\/www.lefigaro.fr\/economie\/apres-avoir-detrone-tesla-comment-byd-accelere-son-irresistible-conquete-du-monde-20251230\" data-fig-type=\"Article\" data-gtm-custom-categorie=\"navigation\" data-gtm-custom-action=\"crossclick\" data-gtm-custom-label=\"Contextuel\" data-gtm-event=\"customEventSPE\" data-fig-domain=\"LEFIGARO\" target=\"_blank\" rel=\"noopener\">a \u00e9t\u00e9 particuli\u00e8rement sombre pour les constructeurs automobiles<\/a>. \u00c0 Paris, Renault et Stellantis ont c\u00e9d\u00e9 chacun environ un quart de leur valeur l\u2019an dernier. Les d\u00e9fis auxquels sont confront\u00e9s les sp\u00e9cialistes de cette industrie sont immenses. \u00ab\u00a0Ils doivent faire face aux investissements gigantesques requis pour prendre le virage de la voiture \u00e9lectrique, \u00e0\u2026<\/p>\n<p class=\"fig-premium-paywall__infos\">\n        Cet article est r\u00e9serv\u00e9 aux abonn\u00e9s.        Il vous reste 81% \u00e0 d\u00e9couvrir.\n    <\/p>\n<p>                <img  data- alt=\"Le Figaro\" class=\"fig-img--complete fig-img\"\/><\/p>\n<p class=\"fig-premium-paywall__title\">Le Figaro c\u00e9l\u00e8bre ses 200 ans<\/p>\n<p class=\"fig-premium-paywall__subtitle\">Offre anniversaire : 2\u20ac\/mois pendant 200 semaines<\/p>\n<p class=\"fig-premium-paywall__connect\">\n                D\u00e9j\u00e0 abonn\u00e9\u00a0?                <a class=\"fig-premium-paywall__connect-link\" href=\"https:\/\/connect.lefigaro.fr\/login?client=horizon_web&amp;type=main&amp;redirect_uri=https%3A%2F%2Fwww.lefigaro.fr%2Fsocietes%2Fbourse-ces-valeurs-delaissees-en-2025-qui-pourraient-rebondir-en-2026-20260109\" data-js-gtm=\"{&quot;customCategorie&quot;: &quot;conversion&quot;, &quot;customAction&quot;: &quot;before_Landing_Connexion_paywall_auto&quot;, &quot;customLabel&quot;: &quot;bGVmaWdhcm8uZnJfXzFmMGVjYjc1LWFlZmMtNjExMi04MmViLTBiZDA2YWYzNmMxMF9fQXJ0aWNsZQ==_Bourse\u00a0:\u00a0ces valeurs d\u00e9laiss\u00e9es en 2025 qui pourraient rebondir en 2026_372&quot;, &quot;customIDSPE&quot;: &quot;bGVmaWdhcm8uZnJfXzFmMGVjYjc1LWFlZmMtNjExMi04MmViLTBiZDA2YWYzNmMxMF9fQXJ0aWNsZQ==&quot;, &quot;event&quot;: &quot;customEventSPE&quot;}\" target=\"_blank\" rel=\"noopener\"><br \/>\n                    Connectez-vous<br \/>\n                <\/a>\n            <\/p>\n","protected":false},"excerpt":{"rendered":"ANALYSE &#8211; Le CAC\u00a040 a grimp\u00e9 de plus de 10\u00a0% l\u2019an dernier et vient d\u2019inscrire un record. Mais&hellip;\n","protected":false},"author":2,"featured_media":652480,"comment_status":"","ping_status":"","sticky":false,"template":"","format":"standard","meta":{"footnotes":""},"categories":[6],"tags":[35,343,33,34,1011,27,2112],"class_list":{"0":"post-652479","1":"post","2":"type-post","3":"status-publish","4":"format-standard","5":"has-post-thumbnail","7":"category-economie","8":"tag-business","9":"tag-cac-40","10":"tag-economie","11":"tag-economy","12":"tag-fr","13":"tag-france","14":"tag-marches-financiers"},"share_on_mastodon":{"url":"https:\/\/pubeurope.com\/@fr\/115867087666019839","error":""},"_links":{"self":[{"href":"https:\/\/www.europesays.com\/fr\/wp-json\/wp\/v2\/posts\/652479","targetHints":{"allow":["GET"]}}],"collection":[{"href":"https:\/\/www.europesays.com\/fr\/wp-json\/wp\/v2\/posts"}],"about":[{"href":"https:\/\/www.europesays.com\/fr\/wp-json\/wp\/v2\/types\/post"}],"author":[{"embeddable":true,"href":"https:\/\/www.europesays.com\/fr\/wp-json\/wp\/v2\/users\/2"}],"replies":[{"embeddable":true,"href":"https:\/\/www.europesays.com\/fr\/wp-json\/wp\/v2\/comments?post=652479"}],"version-history":[{"count":0,"href":"https:\/\/www.europesays.com\/fr\/wp-json\/wp\/v2\/posts\/652479\/revisions"}],"wp:featuredmedia":[{"embeddable":true,"href":"https:\/\/www.europesays.com\/fr\/wp-json\/wp\/v2\/media\/652480"}],"wp:attachment":[{"href":"https:\/\/www.europesays.com\/fr\/wp-json\/wp\/v2\/media?parent=652479"}],"wp:term":[{"taxonomy":"category","embeddable":true,"href":"https:\/\/www.europesays.com\/fr\/wp-json\/wp\/v2\/categories?post=652479"},{"taxonomy":"post_tag","embeddable":true,"href":"https:\/\/www.europesays.com\/fr\/wp-json\/wp\/v2\/tags?post=652479"}],"curies":[{"name":"wp","href":"https:\/\/api.w.org\/{rel}","templated":true}]}}