{"id":652481,"date":"2026-01-09T20:43:14","date_gmt":"2026-01-09T20:43:14","guid":{"rendered":"https:\/\/www.europesays.com\/fr\/652481\/"},"modified":"2026-01-09T20:43:14","modified_gmt":"2026-01-09T20:43:14","slug":"que-contient-la-soute-du-petrolier-fantome-bella-1-marinera-suspecte-de-naviguer-sous-pavillon-russe","status":"publish","type":"post","link":"https:\/\/www.europesays.com\/fr\/652481\/","title":{"rendered":"Que contient la soute du p\u00e9trolier fant\u00f4me \u00ab\u00a0Bella 1\/Marinera\u00a0\u00bb, suspect\u00e9 de naviguer sous \u00ab\u00a0pavillon russe\u00a0\u00bb\u00a0?"},"content":{"rendered":"<p>Que renferme vraiment le p\u00e9trolier intercept\u00e9 mercredi par les <a href=\"https:\/\/www.20minutes.fr\/monde\/etats-unis\/\" class=\"c-link c-link--is-underlined\" target=\"_blank\" rel=\"noopener\">\u00c9tats-Unis<\/a> dans l\u2019Atlantique nord\u00a0? Le Bella 1, un p\u00e9trolier guyanien, rebaptis\u00e9 Marinera par la <a href=\"https:\/\/www.20minutes.fr\/monde\/russie\/\" class=\"c-link c-link--is-underlined\" target=\"_blank\" rel=\"noopener\">Russie<\/a>, et soup\u00e7onn\u00e9 d\u2019appartenir \u00e0 <a href=\"https:\/\/www.20minutes.fr\/monde\/4190497-20251209-guerre-ukraine-sait-kairos-petrolier-flotte-fantome-russe-perdition-bulgarie\" class=\"c-link c-link--is-underlined\" target=\"_blank\" rel=\"noopener\">la \u00ab\u00a0flotte fant\u00f4me\u00a0\u00bb russe<\/a>, a \u00e9t\u00e9 arraisonn\u00e9 lors d\u2019une op\u00e9ration <a href=\"https:\/\/www.20minutes.fr\/dossier\/militaire\" class=\"c-link c-link--is-underlined\" target=\"_blank\" rel=\"noopener\">militaire<\/a> des garde-c\u00f4tes am\u00e9ricains, aid\u00e9s par les Britanniques, men\u00e9e entre l\u2019Islande et l\u2019Ecosse.<\/p>\n<p class=\"mb-m@xs text-l@xs\">En cliquant sur\u00ab J\u2019accepte \u00bb, vous acceptez le d\u00e9p\u00f4t de cookies par des services externes et aurez ainsi acc\u00e8s aux contenus de nos partenaires.<\/p>\n<p class=\"mb-xl@xs text-s@xs\">Plus d\u2019informations sur la page<a href=\"https:\/\/www.20minutes.fr\/gestion-cookies\" class=\"mx-xxs@xs color-ultramarine\" target=\"_blank\" rel=\"noopener\">Politique de gestion des cookies<\/a><\/p>\n<p>J\u2019accepte<\/p>\n<p>Le bateau \u00e9tait poursuivi depuis le 21\u00a0d\u00e9cembre par les garde-c\u00f4tes am\u00e9ricains alors qu\u2019il \u00e9tait en route pour le <a href=\"https:\/\/www.20minutes.fr\/monde\/venezuela\/\" class=\"c-link c-link--is-underlined\" target=\"_blank\" rel=\"noopener\">Venezuela<\/a>, dans le cadre du blocus de <a href=\"https:\/\/google.com\/search?q=Washington+20+minutes&amp;rlz=1C1GCEA_enFR1181FR1181&amp;oq=Washington+20+minutes&amp;gs_lcrp=EgZjaHJvbWUqBggAEEUYOzIGCAAQRRg7MgYIARBFGEAyCAgCEAAYFhgeMgoIAxAAGIAEGKIEMgcIBBAAGO8FMgcIBRAAGO8FMgYIBhBFGDwyBggHEEUYPNIBCDM1MTBqMGo3qAIAsAIA&amp;sourceid=chrome&amp;ie=UTF-8\" target=\"_blank\" class=\"c-link c-link--is-underlined\" rel=\"noopener\">Washington<\/a> visant des p\u00e9troliers li\u00e9s \u00e0 ce pays. La Russie, qui avait selon la presse am\u00e9ricaine d\u00e9p\u00each\u00e9 ses propres navires militaires sur place pour l\u2019escorter, dont un sous-marin, a rapidement d\u00e9nonc\u00e9 l\u2019op\u00e9ration.<\/p>\n<p>\u00ab\u00a0Il n\u2019y avait pas, ou peu de p\u00e9trole \u00e0 bord\u00a0\u00bb<\/p>\n<p>Concernant sa cargaison, le journaliste sp\u00e9cialiste des questions de d\u00e9fense, Romain Mielcarek, s\u2019est amus\u00e9 \u00e0 lancer les paris sur le r\u00e9seau X. \u00ab\u00a0Que vont trouver les Am\u00e9ricains \u00e0 bord du Bella 1\u00a0? De l\u2019\u00e9quipement de renseignement\u00a0? Des ressortissants russes\u00a0? Un moteur nucl\u00e9aire [m\u00eame si] cela aurait \u00e9t\u00e9 bizarre de trimballer \u00e7a au Venezuela\u00a0? Des syst\u00e8mes de d\u00e9fense sol-air\u00a0? Ou\u2026 Rien\u00a0?\u00a0\u00bb<\/p>\n<p>\u00ab\u00a0On ne peut qu\u2019\u00e9chafauder des hypoth\u00e8ses, explique \u00e0 20 Minutes le consultant en risques internationaux St\u00e9phane Audrand. En tout cas, il n\u2019y avait pas, ou peu de <a href=\"https:\/\/www.20minutes.fr\/dossier\/petrole\" class=\"c-link c-link--is-underlined\" target=\"_blank\" rel=\"noopener\">p\u00e9trole<\/a> \u00e0 bord, car sa flottaison montre qu\u2019il est tr\u00e8s haut sur l\u2019eau, et on voit qu\u2019il n\u2019est pas tr\u00e8s \u00e9quilibr\u00e9. Ensuite, vu la route qu\u2019il a emprunt\u00e9e, il ne s\u2019agissait pas d\u2019un p\u00e9trolier \u00ab\u00a0press\u00e9\u00a0\u00bb, ce qui est d\u2019ordinaire le cas de ces navires &#8211; sauf lorsqu\u2019ils font des ronds dans l\u2019eau dans l\u2019attente que les cours baissent ou remontent\u2026\u00a0\u00bb<\/p>\n<p>L\u2019expert avance la possibilit\u00e9 de transport de \u00ab\u00a0personnels sensibles\u00a0\u00bb. \u00ab\u00a0C\u2019est spontan\u00e9ment la chose \u00e0 laquelle nous sommes beaucoup \u00e0 avoir pens\u00e9\u00a0\u00bb. Mais, \u00ab\u00a0cela peut aussi \u00eatre du mat\u00e9riel d\u2019\u00e9coute, car les Russes aiment glisser ce genre d\u2019\u00e9quipements dans ce type de bateau. Il pourrait aussi y avoir \u00e9ventuellement des armes, mais pas des gros trucs, car un tanker ce n\u2019est pas non plus un cargo. Je pense plut\u00f4t \u00e0 des armes l\u00e9g\u00e8res, ou des pi\u00e8ces d\u00e9tach\u00e9es. Ou encore des drones, m\u00eame si ce n\u2019est pas vraiment la zone o\u00f9 on en a vu jusqu\u2019\u00e0 pr\u00e9sent. Ce ne sont que des sp\u00e9culations, mais tr\u00e8s clairement on n\u2019envoie pas un sous-marin pour escorter un p\u00e9trolier vide. Les Russes ont fait une forme de signalement strat\u00e9gique pour dire qu\u2019ils tenaient \u00e0 ce navire.\u00a0\u00bb<\/p>\n<p>\u00ab\u00a0L\u2019\u00e9quipage est all\u00e9 jusqu\u2019\u00e0 peindre \u00e0 la h\u00e2te un pavillon russe sur la coque\u00a0\u00bb<\/p>\n<p>Le nom et le statut exact du navire &#8211; et donc la l\u00e9galit\u00e9 de l\u2019op\u00e9ration &#8211; font l\u2019objet de d\u00e9saccords. Moscou le nomme Marinera et dit qu\u2019il a obtenu le 24\u00a0d\u00e9cembre une \u00ab\u00a0autorisation provisoire\u00a0\u00bb de naviguer sous pavillon russe. Mais pour Washington, il s\u2019appelle le Bella 1 et n\u2019a pas de pavillon. \u00ab\u00a0Il s\u2019agit d\u2019un navire de la flotte fant\u00f4me v\u00e9n\u00e9zu\u00e9lienne qui a transport\u00e9 du p\u00e9trole vis\u00e9 par des sanctions am\u00e9ricaines, a d\u00e9clar\u00e9 la porte-parole de la <a href=\"https:\/\/www.20minutes.fr\/dossier\/maison_blanche\" class=\"c-link c-link--is-underlined\" target=\"_blank\" rel=\"noopener\">Maison-Blanche<\/a>, Karoline Leavitt. Ce navire a \u00e9t\u00e9 d\u00e9termin\u00e9 comme \u00e9tant sans pavillon apr\u00e8s avoir navigu\u00e9 sous un faux drapeau, et il \u00e9tait vis\u00e9 par une ordonnance judiciaire de saisie. C\u2019est pour cette raison que l\u2019\u00e9quipage sera poursuivi.\u00a0\u00bb<\/p>\n<\/p>\n<p>\u00ab\u00a0En envoyant une escorte, la Russie a tent\u00e9 de cr\u00e9dibiliser le pavillon, de montrer qu\u2019elle avait bien un lien avec ce navire\u00a0\u00bb, analyse encore St\u00e9phane Audrand. \u00ab\u00a0Mais quand on va sur Marine Traffic, on voit qu\u2019il a r\u00e9guli\u00e8rement chang\u00e9 de nom, ce qui correspond typiquement aux bateaux des flottes fant\u00f4mes qui se font refiler d\u2019un pseudo-armateur \u00e0 l\u2019autre\u00a0\u00bb, poursuit l\u2019expert.<\/p>\n<p><a href=\"https:\/\/www.20minutes.fr\/monde\/navire\/\" class=\"c-link c-btn c-btn--primary\" target=\"_blank\" rel=\"noopener\">Notre dossier sur les navires<\/a><\/p>\n<p>En l\u2019occurrence, il aurait m\u00eame chang\u00e9 de nom\u2026 en pleine mer, pratique interdite (sauf cas exceptionnels) par la Convention des Nations unies sur le droit de la mer, sign\u00e9e en\u00a01982 \u00e0 Montego Bay. \u00ab\u00a0Il faut quand m\u00eame r\u00e9aliser que l\u2019\u00e9quipage est all\u00e9 jusqu\u2019\u00e0 peindre \u00e0 la h\u00e2te un pavillon russe sur la coque, car il n\u2019en avait m\u00eame pas \u00e0 bord, pointe l\u2019expert. Or, la convention de Montego Bay stipule bien que l\u2019on ne peut pas changer de pavillon comme on en a envie, et que cela \u00e9quivaut \u00e0 ne pas en avoir du tout.\u00a0\u00bb Bref, selon le sp\u00e9cialiste, \u00ab\u00a0ce ne sont pas les Etats-Unis qui ont viol\u00e9 le droit de la mer en s\u2019emparant de ce bateau, mais tr\u00e8s clairement le propri\u00e9taire du navire\u00a0\u00bb.<\/p>\n<p>Deux membres d\u2019\u00e9quipage russes auraient \u00e9t\u00e9 rel\u00e2ch\u00e9s ce vendredi, selon Moscou. L\u2019envoy\u00e9 sp\u00e9cial de Moscou Kirill Dmitriev a d\u00e9clar\u00e9 de son c\u00f4t\u00e9, sur Telegram, que le pr\u00e9sident <a href=\"https:\/\/www.20minutes.fr\/dossier\/donald_trump\" class=\"c-link c-link--is-underlined\" target=\"_blank\" rel=\"noopener\">Trump<\/a> avait \u00ab\u00a0pris la d\u00e9cision de lib\u00e9rer tous les Russes\u00a0\u00bb \u00e0 bord du Marinera.<\/p>\n","protected":false},"excerpt":{"rendered":"Que renferme vraiment le p\u00e9trolier intercept\u00e9 mercredi par les \u00c9tats-Unis dans l\u2019Atlantique nord\u00a0? Le Bella 1, un p\u00e9trolier&hellip;\n","protected":false},"author":2,"featured_media":652482,"comment_status":"","ping_status":"","sticky":false,"template":"","format":"standard","meta":{"footnotes":""},"categories":[5],"tags":[47,11,1813,5160,75,73,1011,27,14,78,3579,74,1916,11678,12,844,132,337,2744,28],"class_list":{"0":"post-652481","1":"post","2":"type-post","3":"status-publish","4":"format-standard","5":"has-post-thumbnail","7":"category-international","8":"tag-actualite","9":"tag-actualites","10":"tag-armee","11":"tag-bateau","12":"tag-donald-trump","13":"tag-etats-unis","14":"tag-fr","15":"tag-france","16":"tag-international","17":"tag-maison-blanche","18":"tag-militaire","19":"tag-monde","20":"tag-moscou","21":"tag-navire","22":"tag-news","23":"tag-petrole","24":"tag-russie","25":"tag-venezuela","26":"tag-washington","27":"tag-world"},"share_on_mastodon":{"url":"https:\/\/pubeurope.com\/@fr\/115867091270357728","error":""},"_links":{"self":[{"href":"https:\/\/www.europesays.com\/fr\/wp-json\/wp\/v2\/posts\/652481","targetHints":{"allow":["GET"]}}],"collection":[{"href":"https:\/\/www.europesays.com\/fr\/wp-json\/wp\/v2\/posts"}],"about":[{"href":"https:\/\/www.europesays.com\/fr\/wp-json\/wp\/v2\/types\/post"}],"author":[{"embeddable":true,"href":"https:\/\/www.europesays.com\/fr\/wp-json\/wp\/v2\/users\/2"}],"replies":[{"embeddable":true,"href":"https:\/\/www.europesays.com\/fr\/wp-json\/wp\/v2\/comments?post=652481"}],"version-history":[{"count":0,"href":"https:\/\/www.europesays.com\/fr\/wp-json\/wp\/v2\/posts\/652481\/revisions"}],"wp:featuredmedia":[{"embeddable":true,"href":"https:\/\/www.europesays.com\/fr\/wp-json\/wp\/v2\/media\/652482"}],"wp:attachment":[{"href":"https:\/\/www.europesays.com\/fr\/wp-json\/wp\/v2\/media?parent=652481"}],"wp:term":[{"taxonomy":"category","embeddable":true,"href":"https:\/\/www.europesays.com\/fr\/wp-json\/wp\/v2\/categories?post=652481"},{"taxonomy":"post_tag","embeddable":true,"href":"https:\/\/www.europesays.com\/fr\/wp-json\/wp\/v2\/tags?post=652481"}],"curies":[{"name":"wp","href":"https:\/\/api.w.org\/{rel}","templated":true}]}}