{"id":652486,"date":"2026-01-09T20:46:18","date_gmt":"2026-01-09T20:46:18","guid":{"rendered":"https:\/\/www.europesays.com\/fr\/652486\/"},"modified":"2026-01-09T20:46:18","modified_gmt":"2026-01-09T20:46:18","slug":"saint-chamond-un-chef-etoile-aux-petites-bruyeres","status":"publish","type":"post","link":"https:\/\/www.europesays.com\/fr\/652486\/","title":{"rendered":"Saint-Chamond. Un chef \u00e9toil\u00e9 aux Petites Bruy\u00e8res"},"content":{"rendered":"<p>\u00ab\u00a0Les \u00e9quipes du lyc\u00e9e des Petites Bruy\u00e8res vivent un scintillant d\u00e9but d\u2019ann\u00e9e, se r\u00e9jouit Delphine Barlerin, proviseure de l\u2019\u00e9tablissement. Cette journ\u00e9e nous permet d\u2019accueillir pour la pr\u00e9paration d\u2019un d\u00eener caritatif in\u00e9dit R\u00e9gis Marcon, grand chef aur\u00e9ol\u00e9 de multiples prix d\u2019excellence culinaire.\u00a0\u00a0\u00bb<\/p>\n<p>\u00ab\u00a0L\u2019id\u00e9e d\u2019un repas caritatif sur le th\u00e8me inhabituel du pain a plu au chef\u00a0\u00bb<\/p>\n<p>D\u00e8s l\u2019entr\u00e9e dans les cuisines, on plonge dans l\u2019atmosph\u00e8re virevoltante d\u2019un ballet orchestr\u00e9 par le chef. R\u00e9gis Marcon hume, remue, go\u00fbte et semble partout \u00e0 la fois. Sa bienveillance rayonne \u00e0 l\u2019\u00e9gard des jeunes cuisiniers. Sans excitation inutile, d\u2019un fourneau \u00e0 un autre, il leur offre son&#8230;<\/p>\n","protected":false},"excerpt":{"rendered":"\u00ab\u00a0Les \u00e9quipes du lyc\u00e9e des Petites Bruy\u00e8res vivent un scintillant d\u00e9but d\u2019ann\u00e9e, se r\u00e9jouit Delphine Barlerin, proviseure de&hellip;\n","protected":false},"author":2,"featured_media":652487,"comment_status":"","ping_status":"","sticky":false,"template":"","format":"standard","meta":{"footnotes":""},"categories":[9653],"tags":[1111,11,2430,3599,7539,1057,1777,674,1011,27,12,25,9669,9670,4001],"class_list":{"0":"post-652486","1":"post","2":"type-post","3":"status-publish","4":"format-standard","5":"has-post-thumbnail","7":"category-saint-etienne","8":"tag-actu","9":"tag-actualites","10":"tag-auvergne-rhone-alpes","11":"tag-college-lycee","12":"tag-edition-loire-sud","13":"tag-education","14":"tag-eu","15":"tag-europe","16":"tag-fr","17":"tag-france","18":"tag-news","19":"tag-republique-francaise","20":"tag-saint-chamond","21":"tag-saint-chamond-ville","22":"tag-saint-etienne"},"share_on_mastodon":{"url":"https:\/\/pubeurope.com\/@fr\/115867103086630986","error":""},"_links":{"self":[{"href":"https:\/\/www.europesays.com\/fr\/wp-json\/wp\/v2\/posts\/652486","targetHints":{"allow":["GET"]}}],"collection":[{"href":"https:\/\/www.europesays.com\/fr\/wp-json\/wp\/v2\/posts"}],"about":[{"href":"https:\/\/www.europesays.com\/fr\/wp-json\/wp\/v2\/types\/post"}],"author":[{"embeddable":true,"href":"https:\/\/www.europesays.com\/fr\/wp-json\/wp\/v2\/users\/2"}],"replies":[{"embeddable":true,"href":"https:\/\/www.europesays.com\/fr\/wp-json\/wp\/v2\/comments?post=652486"}],"version-history":[{"count":0,"href":"https:\/\/www.europesays.com\/fr\/wp-json\/wp\/v2\/posts\/652486\/revisions"}],"wp:featuredmedia":[{"embeddable":true,"href":"https:\/\/www.europesays.com\/fr\/wp-json\/wp\/v2\/media\/652487"}],"wp:attachment":[{"href":"https:\/\/www.europesays.com\/fr\/wp-json\/wp\/v2\/media?parent=652486"}],"wp:term":[{"taxonomy":"category","embeddable":true,"href":"https:\/\/www.europesays.com\/fr\/wp-json\/wp\/v2\/categories?post=652486"},{"taxonomy":"post_tag","embeddable":true,"href":"https:\/\/www.europesays.com\/fr\/wp-json\/wp\/v2\/tags?post=652486"}],"curies":[{"name":"wp","href":"https:\/\/api.w.org\/{rel}","templated":true}]}}