{"id":652488,"date":"2026-01-09T20:47:13","date_gmt":"2026-01-09T20:47:13","guid":{"rendered":"https:\/\/www.europesays.com\/fr\/652488\/"},"modified":"2026-01-09T20:47:13","modified_gmt":"2026-01-09T20:47:13","slug":"ol-lyonnes-avec-ses-cadres-a-saint-etienne","status":"publish","type":"post","link":"https:\/\/www.europesays.com\/fr\/652488\/","title":{"rendered":"OL Lyonnes avec ses cadres \u00e0 Saint-\u00c9tienne"},"content":{"rendered":"<p data-start=\"106\" data-end=\"490\">L\u2019\u00e9limination de la saison pass\u00e9e \u00e0 Reims est encore dans les m\u00e9moires. Pour le d\u00e9placement \u00e0 Saint-\u00c9tienne ce samedi (14h30), <a href=\"https:\/\/www.leprogres.fr\/p\/jonatan-giraldez\" target=\"_blank\" rel=\"noopener\">Jonatan Gir\u00e1ldez<\/a> n\u2019a pris aucun risque en convoquant l\u2019ensemble de ses cadres, laissant au repos, en vue de la r\u00e9ception de Lens mercredi en championnat, Sofie Svava, Ashley Lawrence, Korbin Shrader, Lily Yohannes, Jule Brand et Elma Nelhage.<\/p>\n<p>Ce contenu est bloqu\u00e9 car vous n&rsquo;avez pas accept\u00e9 les cookies et autres traceurs.<\/p>\n<p>En cliquant sur \u00ab J\u2019accepte \u00bb, les cookies et autres traceurs seront d\u00e9pos\u00e9s et vous pourrez visualiser les contenus  (<a href=\"\" class=\"consentModule_policy\" target=\"_blank\" title=\"Consulter la politique de protection des donn\u00e9es du fournisseur\">plus d&rsquo;informations<\/a>).<\/p>\n<p>En cliquant sur \u00ab J\u2019accepte tous les cookies \u00bb, vous autorisez des d\u00e9p\u00f4ts de cookies et autres traceurs pour le stockage de vos donn\u00e9es sur nos sites et applications \u00e0 des fins de personnalisation et de ciblage publicitaire.<\/p>\n<p class=\"consentModule_secondaryText\">Vous gardez la possibilit\u00e9 de retirer votre consentement \u00e0 tout moment en consultant notre <a href=\"https:\/\/www.leprogres.fr\/protection-des-donnees\" target=\"_blank\" title=\"Consulter notre politique de protection des donn\u00e9es\" rel=\"noopener\">politique de protection des donn\u00e9es<\/a>. <br \/>&#13;<br \/>\n            <a href=\"https:\/\/www.leprogres.fr\/sport\/2026\/01\/09\/javascript:Didomi.notice.show()\" class=\"consentModule_cmp\" target=\"_blank\" rel=\"noopener\">G\u00e9rer mes choix<\/a>&#13;\n        <\/p>\n<p>&#13;<br \/>\n                        J&rsquo;accepte&#13;<br \/>\n            J&rsquo;accepte tous les cookies&#13;\n        <\/p>\n<p data-start=\"492\" data-end=\"658\">Face \u00e0 un effectif au complet et en forme, les choix se sont r\u00e9v\u00e9l\u00e9s d\u00e9licats, seules seize joueuses pouvant figurer sur la feuille de match en Coupe de France.<\/p>\n","protected":false},"excerpt":{"rendered":"L\u2019\u00e9limination de la saison pass\u00e9e \u00e0 Reims est encore dans les m\u00e9moires. Pour le d\u00e9placement \u00e0 Saint-\u00c9tienne ce&hellip;\n","protected":false},"author":2,"featured_media":652489,"comment_status":"","ping_status":"","sticky":false,"template":"","format":"standard","meta":{"footnotes":""},"categories":[9653],"tags":[1111,11,26756,2430,15922,1777,674,63,1011,27,2428,12,2755,23153,25,2429,4001],"class_list":{"0":"post-652488","1":"post","2":"type-post","3":"status-publish","4":"format-standard","5":"has-post-thumbnail","7":"category-saint-etienne","8":"tag-actu","9":"tag-actualites","10":"tag-asse-feminine-as-saint-etienne-football","11":"tag-auvergne-rhone-alpes","12":"tag-coupe-de-france-de-football","13":"tag-eu","14":"tag-europe","15":"tag-football","16":"tag-fr","17":"tag-france","18":"tag-lyon","19":"tag-news","20":"tag-ol-olympique-lyonnais-football","21":"tag-ol-lyonnes-olympique-lyonnais-feminin","22":"tag-republique-francaise","23":"tag-rhone","24":"tag-saint-etienne"},"share_on_mastodon":{"url":"https:\/\/pubeurope.com\/@fr\/115867107006296978","error":""},"_links":{"self":[{"href":"https:\/\/www.europesays.com\/fr\/wp-json\/wp\/v2\/posts\/652488","targetHints":{"allow":["GET"]}}],"collection":[{"href":"https:\/\/www.europesays.com\/fr\/wp-json\/wp\/v2\/posts"}],"about":[{"href":"https:\/\/www.europesays.com\/fr\/wp-json\/wp\/v2\/types\/post"}],"author":[{"embeddable":true,"href":"https:\/\/www.europesays.com\/fr\/wp-json\/wp\/v2\/users\/2"}],"replies":[{"embeddable":true,"href":"https:\/\/www.europesays.com\/fr\/wp-json\/wp\/v2\/comments?post=652488"}],"version-history":[{"count":0,"href":"https:\/\/www.europesays.com\/fr\/wp-json\/wp\/v2\/posts\/652488\/revisions"}],"wp:featuredmedia":[{"embeddable":true,"href":"https:\/\/www.europesays.com\/fr\/wp-json\/wp\/v2\/media\/652489"}],"wp:attachment":[{"href":"https:\/\/www.europesays.com\/fr\/wp-json\/wp\/v2\/media?parent=652488"}],"wp:term":[{"taxonomy":"category","embeddable":true,"href":"https:\/\/www.europesays.com\/fr\/wp-json\/wp\/v2\/categories?post=652488"},{"taxonomy":"post_tag","embeddable":true,"href":"https:\/\/www.europesays.com\/fr\/wp-json\/wp\/v2\/tags?post=652488"}],"curies":[{"name":"wp","href":"https:\/\/api.w.org\/{rel}","templated":true}]}}