{"id":652490,"date":"2026-01-09T20:48:28","date_gmt":"2026-01-09T20:48:28","guid":{"rendered":"https:\/\/www.europesays.com\/fr\/652490\/"},"modified":"2026-01-09T20:48:28","modified_gmt":"2026-01-09T20:48:28","slug":"lacte-aurait-ete-prepare-par-deux-prisonniers-depuis-leur-cellule","status":"publish","type":"post","link":"https:\/\/www.europesays.com\/fr\/652490\/","title":{"rendered":"l&rsquo;acte aurait \u00e9t\u00e9 pr\u00e9par\u00e9 par deux prisonniers depuis leur cellule"},"content":{"rendered":"<p>                    Par<br \/>\n        <strong><br \/>\n            <a href=\"https:\/\/actu.fr\/auteur\/pierre-emile-bouchy-actu-fr\" title=\"Consulter tous les articles de Paul-Emile Bouchy\" target=\"_blank\" rel=\"noopener\">Paul-Emile Bouchy<\/a><br \/>\n                    <\/strong><\/p>\n<p>        Publi\u00e9 le<\/p>\n<p>            9 janv. 2026 \u00e0 16h50        <\/p>\n<p>Dans la nuit du 29 au 30\u00a0novembre 2025, vers 3h du matin, <a href=\"https:\/\/actu.fr\/grand-est\/neuves-maisons_54397\/terrible-incendie-pres-de-nancy-au-moins-quatre-morts-dont-un-adolescent-et-deux-blesses_63508460.html\" target=\"_blank\" rel=\"noopener\">un terrible incendie s\u2019est d\u00e9clar\u00e9<\/a> dans une maison du centre-ville de <strong>Neuves-Maisons<\/strong> (Meurthe-et-Moselle) <strong>tuant cinq personnes<\/strong>\u2009: un couple de 59 et 60\u00a0ans, leur fils de 16\u00a0ans et deux amis \u00e0 lui \u00e2g\u00e9s de 16 et 20\u00a0ans. L\u2019autre fils de la famille, \u00e2g\u00e9 de 22\u00a0ans, a pu s\u2019\u00e9chapper par la toiture.<\/p>\n<p class=\" wall-content\">Men\u00e9e par la <a href=\"https:\/\/actu.fr\/tag\/gendarmerie\" target=\"_blank\" rel=\"noopener\">gendarmerie<\/a>, l\u2019enqu\u00eate a rapidement \u00e9tabli que <a href=\"https:\/\/actu.fr\/grand-est\/neuves-maisons_54397\/5-morts-dans-un-incendie-pres-de-nancy-l-origine-du-feu-serait-volontaire-selon-le-parquet_63515101.html\" target=\"_blank\" rel=\"noopener\">l\u2019origine du feu \u00e9tait volontaire<\/a>. Depuis le drame, <strong>six personnes ont \u00e9t\u00e9 interpell\u00e9es, dont les deux possibles commanditaires mardi 6\u00a0janvier<\/strong>.<\/p>\n<p>La maison asperg\u00e9e d\u2019essence par des mineurs<\/p>\n<p class=\" wall-content\">Ce vendredi, lors d\u2019une conf\u00e9rence de presse, le procureur de la R\u00e9publique de Nancy, Fran\u00e7ois Capin-Dulhoste, a d\u00e9taill\u00e9 les premiers \u00e9l\u00e9ments de l\u2019affaire.<\/p>\n<p class=\" wall-content\">\u00ab\u2009<strong>Quatre individus ont \u00e9t\u00e9 interpell\u00e9s les 15 et 17\u00a0d\u00e9cembre \u00e0 Ch\u00e2lons-en-Champagne et \u00e0 Vitry-le-Fran\u00e7ois (Marne)<\/strong>\u2009: un de 21\u00a0ans, deux de 17\u00a0ans et un de 15\u00a0ans, d\u00e9taille-t-il. Les trois mineurs se sont rendus en voiture \u00e0 Neuves-Maisons. <strong>L\u2019un \u00e2g\u00e9 de 17\u00a0ans a p\u00e9n\u00e9tr\u00e9 dans l\u2019immeuble et a asperg\u00e9 les lieux d\u2019essence avant d\u2019y mettre le feu<\/strong>. Il a ensuite rejoint les deux autres mineurs avant de retourner avec eux \u00e0 Ch\u00e2lons-en-Champagne.\u2009\u00bb<\/p>\n<p class=\" wall-content\"><strong>Les deux mineurs de 17\u00a0ans (celui qui a mis le feu et celui qui conduisait la voiture) ont \u00e9t\u00e9 plac\u00e9s en d\u00e9tention provisoire<\/strong>. Les individus \u00e2g\u00e9s de 15 et 21\u00a0ans ont \u00e9t\u00e9 plac\u00e9s sous contr\u00f4le judiciaire. Les quatre ont \u00e9t\u00e9 <strong>mis en examen des chefs de \u00ab\u2009meurtre en bande organis\u00e9e et tentative de meurtre en bande organis\u00e9e\u2009\u00bb<\/strong>.<\/p>\n<p>Un acte pr\u00e9m\u00e9dit\u00e9 depuis la prison de Metz<\/p>\n<p class=\" wall-content\">La suite des investigations a permis d\u2019\u00e9tablir que <strong>les commanditaires de l\u2019incendie seraient deux prisonniers incarc\u00e9r\u00e9s dans la m\u00eame cellule \u00e0 la prison de Metz<\/strong> (Moselle).<\/p>\n<p class=\" wall-content\">L\u2019un, \u00e2g\u00e9 de 21 ans et originaire de Ch\u00e2lons-en-Champagne, a \u00e9t\u00e9 condamn\u00e9 \u00e0 trois reprises pour des faits de violences aggrav\u00e9es et purge une peine de cinq ans de prison. Le second est un homme de 23\u00a0ans originaire de Meurthe-et-Moselle. Condamn\u00e9 \u00e0 une peine de cinq ans de prison pour violence, il a <strong>des liens avec le fils rescap\u00e9 de la famille dans une affaire de stup\u00e9fiants<\/strong>.<\/p>\n<p>Votre r\u00e9gion, votre actu !<\/p>\n<p>Recevez chaque jour les infos qui comptent pour vous.<\/p>\n<p>\t<a href=\"https:\/\/actu.fr\/newsletter\" class=\"ac-btn ac-btn--corner ac-btn--medium ac-btn--blue800\" target=\"_blank\" rel=\"noopener\">S&rsquo;incrire<\/a><\/p>\n<p class=\" wall-content\">Ils sont soup\u00e7onn\u00e9s d\u2019avoir organis\u00e9 les faits. D\u00e9f\u00e9r\u00e9s et mis en examen ce vendredi matin, ils ont \u00e9t\u00e9 <strong>plac\u00e9s en d\u00e9tention provisoire<\/strong> dans ce dossier.<\/p>\n<p>Ils encourent la r\u00e9clusion \u00e0 perp\u00e9tuit\u00e9<\/p>\n<p class=\" wall-content\">Pour ces actes, la peine encourue pour les personnes interpell\u00e9es est la r\u00e9clusion criminelle \u00e0 perp\u00e9tuit\u00e9.<\/p>\n<p class=\" wall-content\">D\u2019apr\u00e8s le procureur, <strong>ces faits sont d\u2019une \u00ab\u2009gravit\u00e9 extr\u00eame et in\u00e9dite\u2009\u00bb en Meurthe-et-Moselle<\/strong> et justifient encore plus \u00ab\u2009la d\u00e9termination des pouvoirs publics\u2009\u00bb face au narcotrafic et \u00e0 la lutte contre les stup\u00e9fiants.<\/p>\n<p class=\" wall-content\">Personnalisez votre actualit\u00e9 en ajoutant vos villes et m\u00e9dias en favori avec <a href=\"https:\/\/moncompte.actu.fr\" title=\"D\u00e9couvez Mon Actu\" rel=\"nofollow noopener\" data-trk=\"{&quot;cta&quot;:{&quot;action&quot;:&quot;https:\\\/\\\/moncompte.actu.fr&quot;,&quot;category&quot;:&quot;mon compte&quot;,&quot;from&quot;:&quot;article footer&quot;,&quot;name&quot;:&quot;Mon actu&quot;,&quot;type&quot;:&quot;cta&quot;}}\" target=\"_blank\">Mon Actu<\/a>.<\/p>\n","protected":false},"excerpt":{"rendered":"Par Paul-Emile Bouchy Publi\u00e9 le 9 janv. 2026 \u00e0 16h50 Dans la nuit du 29 au 30\u00a0novembre 2025,&hellip;\n","protected":false},"author":2,"featured_media":652491,"comment_status":"","ping_status":"","sticky":false,"template":"","format":"standard","meta":{"footnotes":""},"categories":[9635],"tags":[1111,11,1777,674,118,1011,27,3381,775,1310,303,1702,12,25],"class_list":{"0":"post-652490","1":"post","2":"type-post","3":"status-publish","4":"format-standard","5":"has-post-thumbnail","7":"category-nancy","8":"tag-actu","9":"tag-actualites","10":"tag-eu","11":"tag-europe","12":"tag-faits-divers","13":"tag-fr","14":"tag-france","15":"tag-gendarmerie","16":"tag-grand-est","17":"tag-incendie","18":"tag-justice","19":"tag-nancy","20":"tag-news","21":"tag-republique-francaise"},"share_on_mastodon":{"url":"https:\/\/pubeurope.com\/@fr\/115867110829489889","error":""},"_links":{"self":[{"href":"https:\/\/www.europesays.com\/fr\/wp-json\/wp\/v2\/posts\/652490","targetHints":{"allow":["GET"]}}],"collection":[{"href":"https:\/\/www.europesays.com\/fr\/wp-json\/wp\/v2\/posts"}],"about":[{"href":"https:\/\/www.europesays.com\/fr\/wp-json\/wp\/v2\/types\/post"}],"author":[{"embeddable":true,"href":"https:\/\/www.europesays.com\/fr\/wp-json\/wp\/v2\/users\/2"}],"replies":[{"embeddable":true,"href":"https:\/\/www.europesays.com\/fr\/wp-json\/wp\/v2\/comments?post=652490"}],"version-history":[{"count":0,"href":"https:\/\/www.europesays.com\/fr\/wp-json\/wp\/v2\/posts\/652490\/revisions"}],"wp:featuredmedia":[{"embeddable":true,"href":"https:\/\/www.europesays.com\/fr\/wp-json\/wp\/v2\/media\/652491"}],"wp:attachment":[{"href":"https:\/\/www.europesays.com\/fr\/wp-json\/wp\/v2\/media?parent=652490"}],"wp:term":[{"taxonomy":"category","embeddable":true,"href":"https:\/\/www.europesays.com\/fr\/wp-json\/wp\/v2\/categories?post=652490"},{"taxonomy":"post_tag","embeddable":true,"href":"https:\/\/www.europesays.com\/fr\/wp-json\/wp\/v2\/tags?post=652490"}],"curies":[{"name":"wp","href":"https:\/\/api.w.org\/{rel}","templated":true}]}}