{"id":652500,"date":"2026-01-09T20:53:10","date_gmt":"2026-01-09T20:53:10","guid":{"rendered":"https:\/\/www.europesays.com\/fr\/652500\/"},"modified":"2026-01-09T20:53:10","modified_gmt":"2026-01-09T20:53:10","slug":"montpellier-apres-trento-un-autre-sommet-attend-le-tours-volley-ball","status":"publish","type":"post","link":"https:\/\/www.europesays.com\/fr\/652500\/","title":{"rendered":"Montpellier apr\u00e8s Trento, un autre sommet attend le Tours Volley-Ball"},"content":{"rendered":"<p><strong>Tours\u00a0&#8211; Montpellier<\/strong><\/p>\n<p>Trento d\u2019abord, Montpellier ensuite. Le Tours Volley-Ball encha\u00eene d\u2019un sommet \u00e0 l\u2019autre, de la Ligue des champions au championnat de France. Et Montpellier aussi, lui qui s\u2019est offert Varsovie mercredi (3-2), quand les Tourangeaux ont but\u00e9, au bout n\u00e9anmoins d\u2019<a target=\"_self\" href=\"https:\/\/www.lanouvellerepublique.fr\/tours\/ligue-des-champions-grand-dans-le-combat-le-tours-vb-s-est-incline-face-a-trento-1767739144\" rel=\"noopener\">une sacr\u00e9e lutte<\/a>, face au champion d\u2019Italie mardi (1-3). Les deux vont se retrouver, ce samedi 10\u00a0janvier, dans une salle Grenon qui se voit \u00eatre g\u00e2t\u00e9e cette semaine.<\/p>\n<p>\u00ab\u00a0Pour le public, c\u2019est bien de pouvoir voir deux bons matchs comme \u00e7a. Pour nous les joueurs, physiquement, ce sont deux matchs super durs, confie Zeljko Coric, le capitaine tourangeau. J\u2019esp\u00e8re que l\u2019on sera pr\u00eat. Montpellier a jou\u00e9 mercredi, alors on peut se dire que la charge est cons\u00e9quente pour les deux \u00e9quipes&#8230;. <\/p>\n<p>    Cet article a \u00e9t\u00e9 tronqu\u00e9. Abonnez-vous pour lire l&rsquo;article complet sur notre site.<\/p>\n<p>\u00a0\u00bb<\/p>\n<p style=\"margin: 0 !important; padding: 0 !important; font-size: 12px !important;\">Cet article a \u00e9t\u00e9 tronqu\u00e9. Abonnez-vous pour lire l&rsquo;article complet.<\/p>\n<p>    <a href=\"https:\/\/www.lanouvellerepublique.fr\/abonnements\" style=\"display: inline-block; margin-top: 5px !important; padding: 6px 12px !important; background: #cb1c27; color: white; text-decoration: none; border-radius: 4px; font-size: 12px !important;\" target=\"_blank\" rel=\"noopener\"><br \/>\n      S&rsquo;abonner<br \/>\n    <\/a><\/p>\n","protected":false},"excerpt":{"rendered":"Tours\u00a0&#8211; Montpellier Trento d\u2019abord, Montpellier ensuite. Le Tours Volley-Ball encha\u00eene d\u2019un sommet \u00e0 l\u2019autre, de la Ligue des&hellip;\n","protected":false},"author":2,"featured_media":652501,"comment_status":"","ping_status":"","sticky":false,"template":"","format":"standard","meta":{"footnotes":""},"categories":[9599],"tags":[1392,1111,11,1777,674,1011,27,1387,1655,2208,12,2680,25,60,1390,1471,2767,1470],"class_list":{"0":"post-652500","1":"post","2":"type-post","3":"status-publish","4":"format-standard","5":"has-post-thumbnail","7":"category-montpellier","8":"tag-a-la-une-local","9":"tag-actu","10":"tag-actualites","11":"tag-eu","12":"tag-europe","13":"tag-fr","14":"tag-france","15":"tag-indre-et-loire","16":"tag-ligue-a","17":"tag-montpellier","18":"tag-news","19":"tag-occitanie","20":"tag-republique-francaise","21":"tag-sports","22":"tag-tours","23":"tag-tours-volley-ball","24":"tag-tvb-37","25":"tag-volley"},"share_on_mastodon":{"url":"https:\/\/pubeurope.com\/@fr\/115867130551690253","error":""},"_links":{"self":[{"href":"https:\/\/www.europesays.com\/fr\/wp-json\/wp\/v2\/posts\/652500","targetHints":{"allow":["GET"]}}],"collection":[{"href":"https:\/\/www.europesays.com\/fr\/wp-json\/wp\/v2\/posts"}],"about":[{"href":"https:\/\/www.europesays.com\/fr\/wp-json\/wp\/v2\/types\/post"}],"author":[{"embeddable":true,"href":"https:\/\/www.europesays.com\/fr\/wp-json\/wp\/v2\/users\/2"}],"replies":[{"embeddable":true,"href":"https:\/\/www.europesays.com\/fr\/wp-json\/wp\/v2\/comments?post=652500"}],"version-history":[{"count":0,"href":"https:\/\/www.europesays.com\/fr\/wp-json\/wp\/v2\/posts\/652500\/revisions"}],"wp:featuredmedia":[{"embeddable":true,"href":"https:\/\/www.europesays.com\/fr\/wp-json\/wp\/v2\/media\/652501"}],"wp:attachment":[{"href":"https:\/\/www.europesays.com\/fr\/wp-json\/wp\/v2\/media?parent=652500"}],"wp:term":[{"taxonomy":"category","embeddable":true,"href":"https:\/\/www.europesays.com\/fr\/wp-json\/wp\/v2\/categories?post=652500"},{"taxonomy":"post_tag","embeddable":true,"href":"https:\/\/www.europesays.com\/fr\/wp-json\/wp\/v2\/tags?post=652500"}],"curies":[{"name":"wp","href":"https:\/\/api.w.org\/{rel}","templated":true}]}}