{"id":652506,"date":"2026-01-09T20:56:19","date_gmt":"2026-01-09T20:56:19","guid":{"rendered":"https:\/\/www.europesays.com\/fr\/652506\/"},"modified":"2026-01-09T20:56:19","modified_gmt":"2026-01-09T20:56:19","slug":"grenoble-la-mairie-remet-en-place-cette-mesure-contre-les-nuisances-beaucoup-de-plaintes","status":"publish","type":"post","link":"https:\/\/www.europesays.com\/fr\/652506\/","title":{"rendered":"Grenoble. La mairie remet en place cette mesure contre les nuisances : \u00ab\u00a0Beaucoup de plaintes\u00a0\u00bb"},"content":{"rendered":"<p>                    Par<br \/>\n        <strong><br \/>\n            <a href=\"https:\/\/actu.fr\/auteur\/julien-sournies\" title=\"Consulter tous les articles de Julien Sournies\" target=\"_blank\" rel=\"noopener\">Julien Sournies<\/a><br \/>\n                    <\/strong><\/p>\n<p>        Publi\u00e9 le<\/p>\n<p>            9 janv. 2026 \u00e0 18h13        <\/p>\n<p>Jamais deux sans trois. Apr\u00e8s l\u2019avoir mis en place \u00e0 l\u2019\u00e9t\u00e9 2024, puis de juin \u00e0 d\u00e9cembre\u00a02025, la municipalit\u00e9 de <a href=\"https:\/\/actu.fr\/grenoble\/\" target=\"_blank\" rel=\"noopener\">Grenoble<\/a> (<a href=\"https:\/\/actu.fr\/auvergne-rhone-alpes\/isere_38\" target=\"_blank\" rel=\"noopener\">Is\u00e8re<\/a>) a d\u00e9cid\u00e9 d\u2019instaurer, \u00e0 nouveau, un <a href=\"https:\/\/actu.fr\/auvergne-rhone-alpes\/grenoble_38185\/grenoble-l-insecurite-et-les-nuisances-frappent-ces-secteurs-une-mesure-forte-est-prise_62767468.html\" target=\"_blank\" rel=\"noopener\">arr\u00eat\u00e9 r\u00e9glementant les horaires d\u2019ouverture des \u00e9tablissements type \u00e9piceries de nuit<\/a> et de vente \u00e0 emporter de boissons alcoolis\u00e9es.<br \/>\u00ab\u2009Je viens de le signer il y a quelques jours. On reste plus ou moins sur le m\u00eame format que le pr\u00e9c\u00e9dent. Mais contrairement \u00e0 celui de l\u2019ann\u00e9e derni\u00e8re, celui-ci sera en vigueur <strong>tout au long de l\u2019ann\u00e9e<\/strong>\u2009\u00bb, pr\u00e9cise Maud Tavel, adjointe d\u2019<a href=\"https:\/\/actu.fr\/tag\/eric-piolle\" target=\"_blank\" rel=\"noopener\">\u00c9ric Piolle<\/a> en charge de la tranquillit\u00e9 publique, aupr\u00e8s de la r\u00e9daction.<\/p>\n<p>\u00ab\u2009On avait besoin de trouver un \u00e9quilibre\u2009\u00bb<\/p>\n<p class=\" wall-content\">Ainsi, \u00e0 compter des prochains jours et jusqu\u2019au 31\u00a0d\u00e9cembre prochain, les \u00e9tablissements titulaires d\u2019une petite ou d\u2019une grande licence \u00e0 emporter, devront \u00eatre ferm\u00e9s de 22\u00a0heures jusqu\u2019\u00e0 6\u00a0heures du matin, du jeudi au dimanche inclus sur les six secteurs de la ville. \u00ab\u2009On a remarqu\u00e9 que c\u2019est en seconde partie de semaine que leur activit\u00e9 \u2018sonore\u2019 \u00e9tait la plus forte\u2009\u00bb, explique Maud Tavel.<\/p>\n<p class=\" wall-content\">Pour l\u2019\u00e9lue grenobloise, ledit arr\u00eat\u00e9 se devait donc d\u2019\u00eatre renouvel\u00e9, au regard des nombreuses plaintes formul\u00e9es par les riverains. \u00ab\u2009On avait besoin de<strong> trouver un \u00e9quilibre<\/strong> et instaurer cette r\u00e9glementation est le meilleur compromis. Nous avons re\u00e7u beaucoup de plaintes d\u2019habitants nous indiquant que ces \u00e9piceries de nuits g\u00e9n\u00e8rent des nuisances sonores. On s\u2019est donc appuy\u00e9s sur leurs t\u00e9moignages\u2009\u00bb, commente Maud Tavel.<\/p>\n<p>Un arr\u00eat\u00e9 transgress\u00e9 fr\u00e9quemment<\/p>\n<p class=\" wall-content\">Malgr\u00e9 cette r\u00e9glementation, des transgressions ont toutefois \u00e9t\u00e9 constat\u00e9es par les patrouilles de police au cours de l\u2019ann\u00e9e pass\u00e9e. \u00ab\u2009C\u2019\u00e9tait quand m\u00eame <strong>assez fr\u00e9quent<\/strong>. La police a verbalis\u00e9 \u00e0 de nombreuses reprises\u2009\u00bb, reconna\u00eet l\u2019adjointe d\u2019\u00c9ric Piolle.<\/p>\n<blockquote class=\"ac-article-quote wall-content\">\n<p>Il n&rsquo;y a pas de raison que ces commerces soient ouverts toute la nuit. L&rsquo;\u00e9quilibre commercial doit exister, mais les habitants sont aussi dans le droit de r\u00e9clamer leur tranquillit\u00e9. Il faut savoir que dans de nombreux cas, les nuisances ne sont pas li\u00e9es \u00e0 l&rsquo;activit\u00e9 directe de l&rsquo;\u00e9picerie, mais \u00e0 tout ce qui gravite autour, comme des voitures stationn\u00e9es plusieurs heures avec la musique \u00e0 fond.<\/p>\n<p>    <strong>Maud Tavel<\/strong><br \/>\n        Adjointe \u00e0 la mairie de Grenoble en charge de la tranquillit\u00e9 publique    <\/p><\/blockquote>\n<p class=\" wall-content\">Si elle se dit satisfaite par cet arr\u00eat\u00e9, l\u2019\u00e9lue souhaiterait que cette r\u00e9glementation soit \u00e9tudi\u00e9e un peu plus en d\u00e9tail \u00e0 l\u2019\u00e9chelle nationale, car \u00ab\u2009il y a un r\u00e9el vide juridique autour de ces \u00e9piceries de nuit, contrairement aux bars qui peuvent fermer \u00e0 2\u00a0heures ou les bo\u00eetes de nuit\u2009\u00bb, constate-t-elle.<\/p>\n<p class=\" wall-content\">En attendant, Maud Tavel promet de continuer \u00e0 tout mettre en \u0153uvre pour limiter les activit\u00e9s qui cr\u00e9ent du trouble \u00e0 l\u2019ordre public, assurant que cette mesure rel\u00e8ve par ailleurs d\u2019une \u00ab\u2009logique de <strong>bras de fer<\/strong> qu\u2019on ne l\u00e2chera pas\u2009\u00bb.<\/p>\n<p class=\" wall-content\">Personnalisez votre actualit\u00e9 en ajoutant vos villes et m\u00e9dias en favori avec <a href=\"https:\/\/moncompte.actu.fr\" title=\"D\u00e9couvez Mon Actu\" rel=\"nofollow noopener\" data-trk=\"{&quot;cta&quot;:{&quot;action&quot;:&quot;https:\\\/\\\/moncompte.actu.fr&quot;,&quot;category&quot;:&quot;mon compte&quot;,&quot;from&quot;:&quot;article footer&quot;,&quot;name&quot;:&quot;Mon actu&quot;,&quot;type&quot;:&quot;cta&quot;}}\" target=\"_blank\">Mon Actu<\/a>.<\/p>\n","protected":false},"excerpt":{"rendered":"Par Julien Sournies Publi\u00e9 le 9 janv. 2026 \u00e0 18h13 Jamais deux sans trois. Apr\u00e8s l\u2019avoir mis en&hellip;\n","protected":false},"author":2,"featured_media":652507,"comment_status":"","ping_status":"","sticky":false,"template":"","format":"standard","meta":{"footnotes":""},"categories":[9566],"tags":[1111,11,5702,2430,215,1777,674,1011,27,2731,2825,12,25,104],"class_list":{"0":"post-652506","1":"post","2":"type-post","3":"status-publish","4":"format-standard","5":"has-post-thumbnail","7":"category-grenoble","8":"tag-actu","9":"tag-actualites","10":"tag-alcool","11":"tag-auvergne-rhone-alpes","12":"tag-commerce","13":"tag-eu","14":"tag-europe","15":"tag-fr","16":"tag-france","17":"tag-grenoble","18":"tag-insecurite","19":"tag-news","20":"tag-republique-francaise","21":"tag-societe"},"share_on_mastodon":{"url":"https:\/\/pubeurope.com\/@fr\/115867142382485951","error":""},"_links":{"self":[{"href":"https:\/\/www.europesays.com\/fr\/wp-json\/wp\/v2\/posts\/652506","targetHints":{"allow":["GET"]}}],"collection":[{"href":"https:\/\/www.europesays.com\/fr\/wp-json\/wp\/v2\/posts"}],"about":[{"href":"https:\/\/www.europesays.com\/fr\/wp-json\/wp\/v2\/types\/post"}],"author":[{"embeddable":true,"href":"https:\/\/www.europesays.com\/fr\/wp-json\/wp\/v2\/users\/2"}],"replies":[{"embeddable":true,"href":"https:\/\/www.europesays.com\/fr\/wp-json\/wp\/v2\/comments?post=652506"}],"version-history":[{"count":0,"href":"https:\/\/www.europesays.com\/fr\/wp-json\/wp\/v2\/posts\/652506\/revisions"}],"wp:featuredmedia":[{"embeddable":true,"href":"https:\/\/www.europesays.com\/fr\/wp-json\/wp\/v2\/media\/652507"}],"wp:attachment":[{"href":"https:\/\/www.europesays.com\/fr\/wp-json\/wp\/v2\/media?parent=652506"}],"wp:term":[{"taxonomy":"category","embeddable":true,"href":"https:\/\/www.europesays.com\/fr\/wp-json\/wp\/v2\/categories?post=652506"},{"taxonomy":"post_tag","embeddable":true,"href":"https:\/\/www.europesays.com\/fr\/wp-json\/wp\/v2\/tags?post=652506"}],"curies":[{"name":"wp","href":"https:\/\/api.w.org\/{rel}","templated":true}]}}