{"id":652508,"date":"2026-01-09T20:57:13","date_gmt":"2026-01-09T20:57:13","guid":{"rendered":"https:\/\/www.europesays.com\/fr\/652508\/"},"modified":"2026-01-09T20:57:13","modified_gmt":"2026-01-09T20:57:13","slug":"ils-ont-visite-la-tour-perret-en-avant-premiere","status":"publish","type":"post","link":"https:\/\/www.europesays.com\/fr\/652508\/","title":{"rendered":"ils ont visit\u00e9 la tour Perret en avant-premi\u00e8re"},"content":{"rendered":"<p>\u00ab\u00a0C\u2019est un bel \u00e9difice qu\u2019on voit toujours de l\u2019ext\u00e9rieur, jamais de l\u2019int\u00e9rieur. Je trouve \u00e7a assez \u00e9mouvant de pouvoir rentrer. Elle reste tr\u00e8s myst\u00e9rieuse pour les habitants\u00a0\u00bb, confie Myl\u00e8ne, Grenobloise de 67 ans.<\/p>\n<p>Casque sur la t\u00eate et gilet fluo sur le dos, la sexag\u00e9naire et ses camarades d\u2019un jour, s\u2019appr\u00eatent \u00e0 p\u00e9n\u00e9trer pour la premi\u00e8re fois et avec un peu d\u2019excitation, dans la <a href=\"https:\/\/www.ledauphine.com\/p\/tour-perret\" target=\"_blank\" rel=\"noopener\">tour Perret<\/a>. Ils se savent chanceux.<\/p>\n<p>\u00ab\u00a0Un rep\u00e8re dans le paysage grenoblois\u00a0\u00bb<\/p>\n<p>Cela fait plus de soixante ans que le grand public n\u2019a plus l\u2019occasion de rentrer dans l\u2019\u00e9difice, class\u00e9 aux monuments historiques en 1998. Ferm\u00e9e depuis les&#8230;<\/p>\n","protected":false},"excerpt":{"rendered":"\u00ab\u00a0C\u2019est un bel \u00e9difice qu\u2019on voit toujours de l\u2019ext\u00e9rieur, jamais de l\u2019int\u00e9rieur. Je trouve \u00e7a assez \u00e9mouvant de&hellip;\n","protected":false},"author":2,"featured_media":652509,"comment_status":"","ping_status":"","sticky":false,"template":"","format":"standard","meta":{"footnotes":""},"categories":[9566],"tags":[1111,11,2430,4749,1687,112,1777,674,107,1011,27,2731,2732,108,12,2661,25,602],"class_list":{"0":"post-652508","1":"post","2":"type-post","3":"status-publish","4":"format-standard","5":"has-post-thumbnail","7":"category-grenoble","8":"tag-actu","9":"tag-actualites","10":"tag-auvergne-rhone-alpes","11":"tag-btp-et-chantiers","12":"tag-culture-loisirs","13":"tag-edition-grenoble-agglomeration","14":"tag-eu","15":"tag-europe","16":"tag-fil-info","17":"tag-fr","18":"tag-france","19":"tag-grenoble","20":"tag-grenoble-bassin","21":"tag-isere","22":"tag-news","23":"tag-patrimoine-culturel","24":"tag-republique-francaise","25":"tag-tourisme"},"share_on_mastodon":{"url":"https:\/\/pubeurope.com\/@fr\/115867146239877900","error":""},"_links":{"self":[{"href":"https:\/\/www.europesays.com\/fr\/wp-json\/wp\/v2\/posts\/652508","targetHints":{"allow":["GET"]}}],"collection":[{"href":"https:\/\/www.europesays.com\/fr\/wp-json\/wp\/v2\/posts"}],"about":[{"href":"https:\/\/www.europesays.com\/fr\/wp-json\/wp\/v2\/types\/post"}],"author":[{"embeddable":true,"href":"https:\/\/www.europesays.com\/fr\/wp-json\/wp\/v2\/users\/2"}],"replies":[{"embeddable":true,"href":"https:\/\/www.europesays.com\/fr\/wp-json\/wp\/v2\/comments?post=652508"}],"version-history":[{"count":0,"href":"https:\/\/www.europesays.com\/fr\/wp-json\/wp\/v2\/posts\/652508\/revisions"}],"wp:featuredmedia":[{"embeddable":true,"href":"https:\/\/www.europesays.com\/fr\/wp-json\/wp\/v2\/media\/652509"}],"wp:attachment":[{"href":"https:\/\/www.europesays.com\/fr\/wp-json\/wp\/v2\/media?parent=652508"}],"wp:term":[{"taxonomy":"category","embeddable":true,"href":"https:\/\/www.europesays.com\/fr\/wp-json\/wp\/v2\/categories?post=652508"},{"taxonomy":"post_tag","embeddable":true,"href":"https:\/\/www.europesays.com\/fr\/wp-json\/wp\/v2\/tags?post=652508"}],"curies":[{"name":"wp","href":"https:\/\/api.w.org\/{rel}","templated":true}]}}