{"id":652522,"date":"2026-01-09T21:04:31","date_gmt":"2026-01-09T21:04:31","guid":{"rendered":"https:\/\/www.europesays.com\/fr\/652522\/"},"modified":"2026-01-09T21:04:31","modified_gmt":"2026-01-09T21:04:31","slug":"margot-medkour-est-candidate-pour-le-mouvement-nantes-populaire","status":"publish","type":"post","link":"https:\/\/www.europesays.com\/fr\/652522\/","title":{"rendered":"Margot Medkour est candidate pour le mouvement Nantes populaire"},"content":{"rendered":"<p> \u00abNantes populaire se pr\u00e9sentera aux <a href=\"https:\/\/www.20minutes.fr\/municipales\/\" class=\"c-link c-link--is-underlined\" target=\"_blank\" rel=\"noopener\">\u00e9lections municipales<\/a> pour porter nos voix et faire vivre nos luttes locales\u00a0\u00bb, a annonc\u00e9 le jeune mouvement de gauche sur les r\u00e9seaux sociaux jeudi. La liste sera port\u00e9e par Margot Medkour, 34 ans, d\u00e9j\u00e0 t\u00eate de liste en\u00a02020.<\/p>\n<p>Alors que le doute planait depuis plusieurs semaines, la candidate a officiellement \u00e9t\u00e9 d\u00e9sign\u00e9e par les membres du mouvement avant d\u2019annoncer jeudi que sa campagne serait plac\u00e9e \u00ab\u00a0sous le signe de la justice spatiale\u00a0\u00bb.<\/p>\n<p>\u00ab\u00a0Opposition de gauche\u00a0\u00bb<\/p>\n<p>\u00ab\u00a0Etre <a href=\"https:\/\/www.20minutes.fr\/dossier\/maire\" class=\"c-link c-link--is-underlined\" target=\"_blank\" rel=\"noopener\">maire <\/a>de <a href=\"https:\/\/www.20minutes.fr\/nantes\/\" class=\"c-link c-link--is-underlined\" target=\"_blank\" rel=\"noopener\">Nantes<\/a>, c\u2019est non seulement se pr\u00e9occuper de la vie de 340.000 habitant.es, mais aussi du million de personnes qui travaillent \u00e0 Nantes\u00a0\u00bb, a \u00e9crit la jeune femme sur son compte Instagram.<\/p>\n<p><a href=\"https:\/\/www.20minutes.fr\/municipales\/\" class=\"c-link c-btn c-btn--primary\" target=\"_blank\" rel=\"noopener\">Notre dossier sur les \u00e9lections municipales 2026<\/a><\/p>\n<p>Sur son site Internet Nantes populaire se pr\u00e9sente comme \u00ab\u00a0l\u2019opposition, de gauche, \u00e0 la politique men\u00e9e par <a href=\"https:\/\/www.20minutes.fr\/dossier\/johanna_rolland\" class=\"c-link c-link--is-underlined\" target=\"_blank\" rel=\"noopener\">Johanna Rolland<\/a>\u00a0\u00bb, maire socialiste depuis\u00a02014.<\/p>\n","protected":false},"excerpt":{"rendered":"\u00abNantes populaire se pr\u00e9sentera aux \u00e9lections municipales pour porter nos voix et faire vivre nos luttes locales\u00a0\u00bb, a&hellip;\n","protected":false},"author":2,"featured_media":652523,"comment_status":"","ping_status":"","sticky":false,"template":"","format":"standard","meta":{"footnotes":""},"categories":[2818],"tags":[1111,11,2761,1777,674,1011,27,6945,3047,766,12,2636,1306,25],"class_list":{"0":"post-652522","1":"post","2":"type-post","3":"status-publish","4":"format-standard","5":"has-post-thumbnail","7":"category-nantes","8":"tag-actu","9":"tag-actualites","10":"tag-elections-municipales-2026","11":"tag-eu","12":"tag-europe","13":"tag-fr","14":"tag-france","15":"tag-johanna-rolland","16":"tag-loire-atlantique","17":"tag-nantes","18":"tag-news","19":"tag-pays-de-la-loire","20":"tag-regions","21":"tag-republique-francaise"},"share_on_mastodon":{"url":"https:\/\/pubeurope.com\/@fr\/115867173999631482","error":""},"_links":{"self":[{"href":"https:\/\/www.europesays.com\/fr\/wp-json\/wp\/v2\/posts\/652522","targetHints":{"allow":["GET"]}}],"collection":[{"href":"https:\/\/www.europesays.com\/fr\/wp-json\/wp\/v2\/posts"}],"about":[{"href":"https:\/\/www.europesays.com\/fr\/wp-json\/wp\/v2\/types\/post"}],"author":[{"embeddable":true,"href":"https:\/\/www.europesays.com\/fr\/wp-json\/wp\/v2\/users\/2"}],"replies":[{"embeddable":true,"href":"https:\/\/www.europesays.com\/fr\/wp-json\/wp\/v2\/comments?post=652522"}],"version-history":[{"count":0,"href":"https:\/\/www.europesays.com\/fr\/wp-json\/wp\/v2\/posts\/652522\/revisions"}],"wp:featuredmedia":[{"embeddable":true,"href":"https:\/\/www.europesays.com\/fr\/wp-json\/wp\/v2\/media\/652523"}],"wp:attachment":[{"href":"https:\/\/www.europesays.com\/fr\/wp-json\/wp\/v2\/media?parent=652522"}],"wp:term":[{"taxonomy":"category","embeddable":true,"href":"https:\/\/www.europesays.com\/fr\/wp-json\/wp\/v2\/categories?post=652522"},{"taxonomy":"post_tag","embeddable":true,"href":"https:\/\/www.europesays.com\/fr\/wp-json\/wp\/v2\/tags?post=652522"}],"curies":[{"name":"wp","href":"https:\/\/api.w.org\/{rel}","templated":true}]}}