{"id":652528,"date":"2026-01-09T21:07:15","date_gmt":"2026-01-09T21:07:15","guid":{"rendered":"https:\/\/www.europesays.com\/fr\/652528\/"},"modified":"2026-01-09T21:07:15","modified_gmt":"2026-01-09T21:07:15","slug":"un-impressionnant-incendie-de-poids-lourd-est-en-cours-en-direction-de-bordeaux","status":"publish","type":"post","link":"https:\/\/www.europesays.com\/fr\/652528\/","title":{"rendered":"un impressionnant incendie de poids lourd est en cours en direction de Bordeaux"},"content":{"rendered":"<p>                    Par<br \/>\n        <strong><br \/>\n            <a href=\"https:\/\/actu.fr\/auteur\/margotdelpech20\" title=\"Consulter tous les articles de Margot Delpech\" target=\"_blank\" rel=\"noopener\">Margot Delpech<\/a><br \/>\n                    <\/strong><\/p>\n<p>        Publi\u00e9 le<\/p>\n<p>            9 janv. 2026 \u00e0 19h41<br \/>\n        ; mis \u00e0 jour le 9 janv. 2026 \u00e0 21h39    <\/p>\n<p>Entre<a href=\"https:\/\/actu.fr\/occitanie\/valence_82186\/la-circulation-totalement-interrompue-sur-l-autoroute-a62-en-direction-de-bordeaux_63680010.html\" target=\"_blank\" rel=\"noopener\"> Valence d\u2019Agen<\/a> et Agen <a href=\"https:\/\/actu.fr\/nouvelle-aquitaine\/lot-et-garonne_47\" target=\"_blank\" rel=\"noopener\">(Lot-et-Garonne)<\/a>, <a href=\"https:\/\/actu.fr\/tag\/autoroute-62-a62\" target=\"_blank\" rel=\"noopener\">l\u2019A62<\/a> est totalement coup\u00e9e ce vendredi soir du 9\u00a0janvier 2026 \u00e0 cause <strong>d\u2019un poids lourd en feu<\/strong>. Le camion<strong> est en proie aux flammes,<\/strong> en direction de Bordeaux. Les<strong> images, <\/strong>film\u00e9es depuis la voie se trouvant dans le sens Bordeaux \u2013 Toulouse par la passag\u00e8re d\u2019une voiture,<strong> sont impressionnantes. Mise \u00e0 jour : la circulation a pu reprendre.\u00a0<\/strong><\/p>\n<p class=\" wall-content\">D\u2019apr\u00e8s <a href=\"https:\/\/actu.fr\/\" target=\"_blank\" rel=\"noopener\">nos informations,<\/a> le d\u00e9part de feu s\u2019est produit peu avant 18h alors qu\u2019il faisait d\u00e9j\u00e0 nuit.<\/p>\n<p class=\" wall-content\">Cet \u00e9v\u00e9nement <strong>entra\u00eene une interruption de la circulation<\/strong> dans ce secteur pour l\u2019ensemble des v\u00e9hicules en direction de Bordeaux depuis 18h15. Les \u00e9quipes de VINCI Autoroutes sont mobilis\u00e9es pour permettre l\u2019intervention des secours puis proc\u00e9der \u00e0 l\u2019\u00e9vacuation du v\u00e9hicule impliqu\u00e9 et r\u00e9tablir la circulation rapidement.<\/p>\n<blockquote class=\"tiktok-embed\" cite=\"https:\/\/www.tiktok.com\/@actu.nouvelleaqui\/video\/7593430971827948822\" data-video-id=\"7593430971827948822\" data-embed-from=\"oembed\" style=\"max-width:605px; min-width:325px;\"><p>\n<a target=\"_blank\" title=\"@actu.nouvelleaqui\" href=\"https:\/\/www.tiktok.com\/@actu.nouvelleaqui?refer=embed\" rel=\"noopener\">@actu.nouvelleaqui<\/a> <\/p>\n<p>L\u2019autoroute a62 est coup\u00e9e en direction de Bordeaux, un incendie de poids lourd a eu lieu entre Agen et Valence d\u2019Agen. Images : Margau Gonzalez <\/p>\n<p> <a target=\"_blank\" title=\"\u266c Stranger Things - The Theme System\" href=\"https:\/\/www.tiktok.com\/music\/Stranger-Things-6787851386542360578?refer=embed\" rel=\"noopener\">\u266c Stranger Things \u2013 The Theme System<\/a> <\/p>\n<\/blockquote>\n<p>Des mesures mises en place<\/p>\n<p class=\" wall-content\">En cons\u00e9quence, les mesures suivantes ont \u00e9t\u00e9 mises en place d\u00e8s 18h18 en direction Bordeaux pour contourner la difficult\u00e9\u2009:<\/p>\n<p>Vid\u00e9os : en ce moment sur Actu<\/p>\n<ul class=\" wall-content\">\n<li>Sortie obligatoire et entr\u00e9e interdite \u00e0 tous les v\u00e9hicules \u00e0 Valence d\u2019Agen (n\u00b08).<\/li>\n<li>Cet \u00e9v\u00e9nement engendre des perturbations de la circulation en direction de Bordeaux apr\u00e8s Valence d\u2019Agen (n\u00b08).<\/li>\n<\/ul>\n<p class=\" wall-content\">Personnalisez votre actualit\u00e9 en ajoutant vos villes et m\u00e9dias en favori avec <a href=\"https:\/\/moncompte.actu.fr\" title=\"D\u00e9couvez Mon Actu\" rel=\"nofollow noopener\" data-trk=\"{&quot;cta&quot;:{&quot;action&quot;:&quot;https:\\\/\\\/moncompte.actu.fr&quot;,&quot;category&quot;:&quot;mon compte&quot;,&quot;from&quot;:&quot;article footer&quot;,&quot;name&quot;:&quot;Mon actu&quot;,&quot;type&quot;:&quot;cta&quot;}}\" target=\"_blank\">Mon Actu<\/a>.<\/p>\n<p>                    <script async src=\"\/\/www.tiktok.com\/embed.js\"><\/script><\/p>\n","protected":false},"excerpt":{"rendered":"Par Margot Delpech Publi\u00e9 le 9 janv. 2026 \u00e0 19h41 ; mis \u00e0 jour le 9 janv. 2026&hellip;\n","protected":false},"author":2,"featured_media":652529,"comment_status":"","ping_status":"","sticky":false,"template":"","format":"standard","meta":{"footnotes":""},"categories":[2817],"tags":[1111,11,6343,1997,1777,674,118,1011,27,1310,803,12,2219,25],"class_list":{"0":"post-652528","1":"post","2":"type-post","3":"status-publish","4":"format-standard","5":"has-post-thumbnail","7":"category-bordeaux","8":"tag-actu","9":"tag-actualites","10":"tag-autoroute-62-a62","11":"tag-bordeaux","12":"tag-eu","13":"tag-europe","14":"tag-faits-divers","15":"tag-fr","16":"tag-france","17":"tag-incendie","18":"tag-info-trafic","19":"tag-news","20":"tag-nouvelle-aquitaine","21":"tag-republique-francaise"},"share_on_mastodon":{"url":"https:\/\/pubeurope.com\/@fr\/115867185591200580","error":""},"_links":{"self":[{"href":"https:\/\/www.europesays.com\/fr\/wp-json\/wp\/v2\/posts\/652528","targetHints":{"allow":["GET"]}}],"collection":[{"href":"https:\/\/www.europesays.com\/fr\/wp-json\/wp\/v2\/posts"}],"about":[{"href":"https:\/\/www.europesays.com\/fr\/wp-json\/wp\/v2\/types\/post"}],"author":[{"embeddable":true,"href":"https:\/\/www.europesays.com\/fr\/wp-json\/wp\/v2\/users\/2"}],"replies":[{"embeddable":true,"href":"https:\/\/www.europesays.com\/fr\/wp-json\/wp\/v2\/comments?post=652528"}],"version-history":[{"count":0,"href":"https:\/\/www.europesays.com\/fr\/wp-json\/wp\/v2\/posts\/652528\/revisions"}],"wp:featuredmedia":[{"embeddable":true,"href":"https:\/\/www.europesays.com\/fr\/wp-json\/wp\/v2\/media\/652529"}],"wp:attachment":[{"href":"https:\/\/www.europesays.com\/fr\/wp-json\/wp\/v2\/media?parent=652528"}],"wp:term":[{"taxonomy":"category","embeddable":true,"href":"https:\/\/www.europesays.com\/fr\/wp-json\/wp\/v2\/categories?post=652528"},{"taxonomy":"post_tag","embeddable":true,"href":"https:\/\/www.europesays.com\/fr\/wp-json\/wp\/v2\/tags?post=652528"}],"curies":[{"name":"wp","href":"https:\/\/api.w.org\/{rel}","templated":true}]}}