{"id":652530,"date":"2026-01-09T21:08:10","date_gmt":"2026-01-09T21:08:10","guid":{"rendered":"https:\/\/www.europesays.com\/fr\/652530\/"},"modified":"2026-01-09T21:08:10","modified_gmt":"2026-01-09T21:08:10","slug":"un-automobiliste-de-30-ans-evacue-en-urgence-absolue-apres-un-accident-entre-deux-voitures-pres-de-toulouse","status":"publish","type":"post","link":"https:\/\/www.europesays.com\/fr\/652530\/","title":{"rendered":"Un automobiliste de 30 ans \u00e9vacu\u00e9 \u00ab\u00a0en urgence absolue\u00a0\u00bb apr\u00e8s un accident entre deux voitures, pr\u00e8s de Toulouse"},"content":{"rendered":"<p>\n                                                                    l&rsquo;essentiel<br \/>\n                                                                Un automobiliste de 30 ans a \u00e9t\u00e9 pris en charge par les secours \u00ab\u00a0en urgence absolue\u00a0\u00bb apr\u00e8s une collision avec un autre v\u00e9hicule, survenue au sud de Toulouse, vers 19\u00a0h\u00a030.\n                            <\/p>\n<p>La D820 est coup\u00e9e \u00e0 la circulation dans les deux sens. Depuis 19\u00a0h\u00a030, vendredi 9\u00a0janvier 2026, les sapeurs-pompiers du SDIS 31 interviennent suite \u00e0 un grave accident de la circulation survenu entre deux v\u00e9hicules, sur la commune de Miremont (Haute-Garonne), au sud de Toulouse.<\/p>\n<p>La victime d\u00e9sincarc\u00e9r\u00e9e<\/p>\n<p>Ces deux voitures se sont percut\u00e9es dans des circonstances que l\u2019enqu\u00eate de gendarmerie s\u2019efforcera de d\u00e9terminer. Dans l\u2019une d\u2019elles, les secours ont d\u00e9sincarc\u00e9r\u00e9 le conducteur, \u00e2g\u00e9 de 30 ans, pi\u00e9g\u00e9 par la t\u00f4le froiss\u00e9e. Il a \u00e9t\u00e9 pris en charge \u00ab\u00a0en urgence absolue\u00a0\u00bb.<\/p>\n<p>Quatre personnes avaient pris place dans le second v\u00e9hicule impliqu\u00e9. Un homme de 42 ans, un adolescent de 15 ans, une jeune fille de 12 ans et un enfant de 8 ans. \u00ab\u00a0Tous sont indemnes\u00a0\u00bb, assurent les secours.<\/p>\n<p>20 pompiers mobilis\u00e9s<\/p>\n<p>Trois ambulances et deux v\u00e9hicules de secours routier se trouvent sur les lieux. Au total, une vingtaine de pompiers ont \u00e9t\u00e9 mobilis\u00e9s, dans des conditions m\u00e9t\u00e9o (vent et pluie) difficiles.<\/p>\n","protected":false},"excerpt":{"rendered":"l&rsquo;essentiel Un automobiliste de 30 ans a \u00e9t\u00e9 pris en charge par les secours \u00ab\u00a0en urgence absolue\u00a0\u00bb apr\u00e8s&hellip;\n","protected":false},"author":2,"featured_media":652531,"comment_status":"","ping_status":"","sticky":false,"template":"","format":"standard","meta":{"footnotes":""},"categories":[2816],"tags":[3085,1111,11,1777,674,118,1011,27,2722,12,2680,25,2312],"class_list":{"0":"post-652530","1":"post","2":"type-post","3":"status-publish","4":"format-standard","5":"has-post-thumbnail","7":"category-toulouse","8":"tag-accidents","9":"tag-actu","10":"tag-actualites","11":"tag-eu","12":"tag-europe","13":"tag-faits-divers","14":"tag-fr","15":"tag-france","16":"tag-haute-garonne","17":"tag-news","18":"tag-occitanie","19":"tag-republique-francaise","20":"tag-toulouse"},"share_on_mastodon":{"url":"https:\/\/pubeurope.com\/@fr\/115867189537981388","error":""},"_links":{"self":[{"href":"https:\/\/www.europesays.com\/fr\/wp-json\/wp\/v2\/posts\/652530","targetHints":{"allow":["GET"]}}],"collection":[{"href":"https:\/\/www.europesays.com\/fr\/wp-json\/wp\/v2\/posts"}],"about":[{"href":"https:\/\/www.europesays.com\/fr\/wp-json\/wp\/v2\/types\/post"}],"author":[{"embeddable":true,"href":"https:\/\/www.europesays.com\/fr\/wp-json\/wp\/v2\/users\/2"}],"replies":[{"embeddable":true,"href":"https:\/\/www.europesays.com\/fr\/wp-json\/wp\/v2\/comments?post=652530"}],"version-history":[{"count":0,"href":"https:\/\/www.europesays.com\/fr\/wp-json\/wp\/v2\/posts\/652530\/revisions"}],"wp:featuredmedia":[{"embeddable":true,"href":"https:\/\/www.europesays.com\/fr\/wp-json\/wp\/v2\/media\/652531"}],"wp:attachment":[{"href":"https:\/\/www.europesays.com\/fr\/wp-json\/wp\/v2\/media?parent=652530"}],"wp:term":[{"taxonomy":"category","embeddable":true,"href":"https:\/\/www.europesays.com\/fr\/wp-json\/wp\/v2\/categories?post=652530"},{"taxonomy":"post_tag","embeddable":true,"href":"https:\/\/www.europesays.com\/fr\/wp-json\/wp\/v2\/tags?post=652530"}],"curies":[{"name":"wp","href":"https:\/\/api.w.org\/{rel}","templated":true}]}}