{"id":652538,"date":"2026-01-09T21:12:10","date_gmt":"2026-01-09T21:12:10","guid":{"rendered":"https:\/\/www.europesays.com\/fr\/652538\/"},"modified":"2026-01-09T21:12:10","modified_gmt":"2026-01-09T21:12:10","slug":"sans-chauffage-les-locataires-de-la-cite-frais-vallon-mobilises-contre-leur-bailleur-a-marseille","status":"publish","type":"post","link":"https:\/\/www.europesays.com\/fr\/652538\/","title":{"rendered":"sans chauffage, les locataires de la cit\u00e9 Frais-Vallon mobilis\u00e9s contre leur bailleur \u00e0 Marseille"},"content":{"rendered":"<p>Salhi ne pensait jamais avoir besoin de scotch pour se pr\u00e9server du froid. Elle habite le \u00ab\u00a0B\u00a0\u00bb, l\u2019un des 14 b\u00e2timents de la r\u00e9sidence Frais-Vallon (13e), g\u00e9r\u00e9e par le bailleur social <a href=\"https:\/\/www.laprovence.com\/article\/region\/1700957434021914\/il-fallait-faire-disparaitre-marseille-de-notre-nom-habitat-marseille-provence-devient-provence-metropole-logement\" target=\"_blank\" rel=\"noopener\">Provence Marseille Logement (anciennement HMP)<\/a> et depuis le mois d\u2019octobre, et souffre de probl\u00e8mes de chauffage, comme les autres locataires des 1\u00a0300 appartements de la cit\u00e9.<\/p>\n<p>Elle a donc trouv\u00e9 cette technique pour calfeutrer ses fen\u00eatres qui <a href=\"https:\/\/www.laprovence.com\/article\/region\/40953191531608\/des-capteurs-pour-mesurer-la-qualite-de-lair-dans-les-logements-insalubres-des-quartiers-nord-de-marseille\" target=\"_blank\" rel=\"noopener\">laissent passer les courants d\u2019air<\/a>. La nuit, elle dort avec quatre couettes et se lever le matin est \u00ab\u00a0un enfer\u00a0\u00bb dans un appartement qu\u2019elle d\u00e9crit comme glacial, \u00ab\u00a0bien en dessous des 19 degr\u00e9s r\u00e9glementaires\u00a0\u00bb.<\/p>\n<p>Ce vendredi matin, une centaine de locataires ont cri\u00e9 leur d\u00e9tresse devant le si\u00e8ge de PML et tent\u00e9 d\u2019obtenir r\u00e9ponses et r\u00e9parations.<\/p>\n<p>\u00ab\u00a0Nous avons coup\u00e9 les b\u00e2timents K, L et M du r\u00e9seau ancien pour installer de nouvelles chaufferies et cela cr\u00e9e des d\u00e9s\u00e9quilibres de r\u00e9partition interne\u00a0\u00bb, justifie Jean-Bernard Dambier, le directeur g\u00e9n\u00e9ral de <a href=\"https:\/\/www.laprovence.com\/article\/politique\/10925642343369\/marseille-confidentiels-aux-chutes-lavie-hmp-laisse-les-proprietaires-barricader-la-cite-jardin\" target=\"_blank\" rel=\"noopener\">PML<\/a>, qui explique ces d\u00e9faillances par la v\u00e9tust\u00e9 de la chaufferie centrale, vieille de plus de 60\u00a0ans. Les tuyaux en mauvais \u00e9tat fuient et certains serpentins du chauffage au sol sont endommag\u00e9s. Apr\u00e8s avoir re\u00e7u hab&#8230;<\/p>\n","protected":false},"excerpt":{"rendered":"Salhi ne pensait jamais avoir besoin de scotch pour se pr\u00e9server du froid. Elle habite le \u00ab\u00a0B\u00a0\u00bb, l\u2019un&hellip;\n","protected":false},"author":2,"featured_media":652539,"comment_status":"","ping_status":"","sticky":false,"template":"","format":"standard","meta":{"footnotes":""},"categories":[2814],"tags":[5734,1111,11,27378,1777,674,1011,27,757,151,11296,884,12,882,25,4510,4561,104,4717],"class_list":{"0":"post-652538","1":"post","2":"type-post","3":"status-publish","4":"format-standard","5":"has-post-thumbnail","7":"category-marseille","8":"tag-5734","9":"tag-actu","10":"tag-actualites","11":"tag-chauffage","12":"tag-eu","13":"tag-europe","14":"tag-fr","15":"tag-france","16":"tag-je","17":"tag-les","18":"tag-locataires","19":"tag-marseille","20":"tag-news","21":"tag-provence-alpes-cote-dazur","22":"tag-republique-francaise","23":"tag-risque","24":"tag-sans","25":"tag-societe","26":"tag-vie"},"share_on_mastodon":{"url":"https:\/\/pubeurope.com\/@fr\/115867205259228234","error":""},"_links":{"self":[{"href":"https:\/\/www.europesays.com\/fr\/wp-json\/wp\/v2\/posts\/652538","targetHints":{"allow":["GET"]}}],"collection":[{"href":"https:\/\/www.europesays.com\/fr\/wp-json\/wp\/v2\/posts"}],"about":[{"href":"https:\/\/www.europesays.com\/fr\/wp-json\/wp\/v2\/types\/post"}],"author":[{"embeddable":true,"href":"https:\/\/www.europesays.com\/fr\/wp-json\/wp\/v2\/users\/2"}],"replies":[{"embeddable":true,"href":"https:\/\/www.europesays.com\/fr\/wp-json\/wp\/v2\/comments?post=652538"}],"version-history":[{"count":0,"href":"https:\/\/www.europesays.com\/fr\/wp-json\/wp\/v2\/posts\/652538\/revisions"}],"wp:featuredmedia":[{"embeddable":true,"href":"https:\/\/www.europesays.com\/fr\/wp-json\/wp\/v2\/media\/652539"}],"wp:attachment":[{"href":"https:\/\/www.europesays.com\/fr\/wp-json\/wp\/v2\/media?parent=652538"}],"wp:term":[{"taxonomy":"category","embeddable":true,"href":"https:\/\/www.europesays.com\/fr\/wp-json\/wp\/v2\/categories?post=652538"},{"taxonomy":"post_tag","embeddable":true,"href":"https:\/\/www.europesays.com\/fr\/wp-json\/wp\/v2\/tags?post=652538"}],"curies":[{"name":"wp","href":"https:\/\/api.w.org\/{rel}","templated":true}]}}