{"id":652542,"date":"2026-01-09T21:14:15","date_gmt":"2026-01-09T21:14:15","guid":{"rendered":"https:\/\/www.europesays.com\/fr\/652542\/"},"modified":"2026-01-09T21:14:15","modified_gmt":"2026-01-09T21:14:15","slug":"les-gens-du-voyage-font-la-loi-sur-le-parking-dune-gare-la-metropole-de-lyon-durcit-le-ton","status":"publish","type":"post","link":"https:\/\/www.europesays.com\/fr\/652542\/","title":{"rendered":"Les gens du voyage font la loi sur le parking d&rsquo;une gare, la M\u00e9tropole de Lyon durcit le ton"},"content":{"rendered":"<p>                    Par<br \/>\n        <strong><br \/>\n            <a href=\"https:\/\/actu.fr\/auteur\/redaction-lyon\" title=\"Consulter tous les articles de R\u00e9daction Lyon\" target=\"_blank\" rel=\"noopener\">R\u00e9daction Lyon<\/a><br \/>\n                    <\/strong><\/p>\n<p>        Publi\u00e9 le<\/p>\n<p>            9 janv. 2026 \u00e0 17h59        <\/p>\n<p>Le parking-relais de la gare d\u2019Yvours, \u00e0 Irigny, est de nouveau occup\u00e9 par des gens du voyage en ce d\u00e9but d\u2019ann\u00e9e 2026. La <a href=\"https:\/\/actu.fr\/auvergne-rhone-alpes\/lyon_69123\/lyon-la-metropole-refuse-d-enlever-cet-amenagement-tres-critique-l-alternative-coute-cher_63610568.html\" target=\"_blank\" rel=\"noopener\">M\u00e9tropole de Lyon<\/a> ne laisse pas passer cette occupation ill\u00e9gale et a d\u00e9cid\u00e9 de <strong>porter plainte<\/strong> d\u00e8s le samedi 3 janvier.<br \/>Environ 80 caravanes ont d\u00e9barqu\u00e9 sans autorisation sur ce terrain qui n\u2019est autre que la propri\u00e9t\u00e9 de la collectivit\u00e9. La pr\u00e9fecture du Rh\u00f4ne, avertie de cette occupation ill\u00e9gale, instruit actuellement le dossier.<\/p>\n<p>Le site insalubre, plein de d\u00e9chets et de d\u00e9jections<\/p>\n<p class=\" wall-content\">Si certaines occupations, parfois tol\u00e9r\u00e9es sur une coutre dur\u00e9e, peuvent plut\u00f4t bien se passer, cette fois-ci, les gens du voyage ont d\u00e9cid\u00e9 de ne pas respecter les lieux et de faire ce qu\u2019ils veulent.<\/p>\n<p class=\" wall-content\">La maire Blandine Freyer d\u00e9nonce notamment aupr\u00e8s de nos confr\u00e8res du <a href=\"https:\/\/c.leprogres.fr\/faits-divers-justice\/2026\/01\/08\/le-parking-de-la-gare-d-irigny-occupe-par-les-gens-du-voyage-la-metropole-a-depose-plainte?login=1\" target=\"_blank\" rel=\"noopener\">Progr\u00e8s<\/a> des probl\u00e9matiques d\u2019insalubrit\u00e9 sur le site, avec<strong> la pr\u00e9sence de d\u00e9chets et d\u00e9jections<\/strong>, ainsi que les <strong>branchements sauvages<\/strong> aux armoires \u00e9lectriques et aux bornes incendies.<\/p>\n<blockquote class=\"ac-article-quote wall-content\">\n<p>D\u00e8s l\u2019arriv\u00e9e des caravanes, ma premi\u00e8re adjointe s\u2019est rendue sur place avec les gendarmes. Je l\u2019ai imm\u00e9diatement rejointe et nous avons tent\u00e9 de discuter avec les responsables de cette communaut\u00e9 sur leur d\u00e9placement. Les gendarmes leur ont indiqu\u00e9 un camp qu\u2019ils ont refus\u00e9&#8230; Je leur ai expliqu\u00e9 que le parking \u00e9tait destin\u00e9 \u00e0 un usage public, que leur installation \u00e9tait ill\u00e9gale et qu\u2019en plus, avec la mobilisation des agriculteurs lundi matin, il \u00e9tait imp\u00e9ratif de ne pas bloquer les stationnements.<\/p>\n<p>    <strong>D\u00e9claration de Blandine Freyer sur Facebook<\/strong><br \/>\n        Maire d&rsquo;Irigny    <\/p><\/blockquote>\n<p class=\" wall-content\">L\u2019\u00e9lue locale r\u00e9clame \u00e9galement des am\u00e9nagements pour emp\u00eacher de futures r\u00e9installations de caravanes.<\/p>\n<p>    <a href=\"https:\/\/www.facebook.com\/plugins\/post.php?href=https%3A%2F%2Fwww.facebook.com%2FBlandine.FREYER.maire.Irigny%2Fposts%2Fpfbid0KjMY7evCKAT5GGV5M7zVRA6RFZ2nTZEoZPDYxupyqfqkZ3jm95EA78dJoibkGCX1l&amp;show_text=true&amp;width=350\" title=\"Ouvrie le lien\" target=\"_blank\" rel=\"noopener\">Cliquez ici pour visualiser le contenu<\/a><\/p>\n<p class=\" wall-content\">A noter que <a href=\"https:\/\/actu.fr\/auvergne-rhone-alpes\/irigny_69100\/pres-de-lyon-les-gens-du-voyage-s-installent-en-force-sur-ce-parking-sncf-et-tcl_63395734.html\" target=\"_blank\" rel=\"noopener\">les gens du voyage ont r\u00e9cemment d\u00e9j\u00e0 occup\u00e9 ce parking<\/a> sans permission. Cela avait dur\u00e9 du 2 et le 21 novembre dernier, avant une proc\u00e9dure d\u2019expulsion ex\u00e9cut\u00e9e par les gendarmes.<\/p>\n<p class=\" wall-content\">Personnalisez votre actualit\u00e9 en ajoutant vos villes et m\u00e9dias en favori avec <a href=\"https:\/\/moncompte.actu.fr\" title=\"D\u00e9couvez Mon Actu\" rel=\"nofollow noopener\" data-trk=\"{&quot;cta&quot;:{&quot;action&quot;:&quot;https:\\\/\\\/moncompte.actu.fr&quot;,&quot;category&quot;:&quot;mon compte&quot;,&quot;from&quot;:&quot;article footer&quot;,&quot;name&quot;:&quot;Mon actu&quot;,&quot;type&quot;:&quot;cta&quot;}}\" target=\"_blank\">Mon Actu<\/a>.<\/p>\n","protected":false},"excerpt":{"rendered":"Par R\u00e9daction Lyon Publi\u00e9 le 9 janv. 2026 \u00e0 17h59 Le parking-relais de la gare d\u2019Yvours, \u00e0 Irigny,&hellip;\n","protected":false},"author":2,"featured_media":652543,"comment_status":"","ping_status":"","sticky":false,"template":"","format":"standard","meta":{"footnotes":""},"categories":[1889],"tags":[1111,11,2430,1777,674,1011,27,2808,2428,12,9450,25,104],"class_list":{"0":"post-652542","1":"post","2":"type-post","3":"status-publish","4":"format-standard","5":"has-post-thumbnail","7":"category-lyon","8":"tag-actu","9":"tag-actualites","10":"tag-auvergne-rhone-alpes","11":"tag-eu","12":"tag-europe","13":"tag-fr","14":"tag-france","15":"tag-grand-lyon","16":"tag-lyon","17":"tag-news","18":"tag-prefecture-du-rhone","19":"tag-republique-francaise","20":"tag-societe"},"share_on_mastodon":{"url":"https:\/\/pubeurope.com\/@fr\/115867213200307676","error":""},"_links":{"self":[{"href":"https:\/\/www.europesays.com\/fr\/wp-json\/wp\/v2\/posts\/652542","targetHints":{"allow":["GET"]}}],"collection":[{"href":"https:\/\/www.europesays.com\/fr\/wp-json\/wp\/v2\/posts"}],"about":[{"href":"https:\/\/www.europesays.com\/fr\/wp-json\/wp\/v2\/types\/post"}],"author":[{"embeddable":true,"href":"https:\/\/www.europesays.com\/fr\/wp-json\/wp\/v2\/users\/2"}],"replies":[{"embeddable":true,"href":"https:\/\/www.europesays.com\/fr\/wp-json\/wp\/v2\/comments?post=652542"}],"version-history":[{"count":0,"href":"https:\/\/www.europesays.com\/fr\/wp-json\/wp\/v2\/posts\/652542\/revisions"}],"wp:featuredmedia":[{"embeddable":true,"href":"https:\/\/www.europesays.com\/fr\/wp-json\/wp\/v2\/media\/652543"}],"wp:attachment":[{"href":"https:\/\/www.europesays.com\/fr\/wp-json\/wp\/v2\/media?parent=652542"}],"wp:term":[{"taxonomy":"category","embeddable":true,"href":"https:\/\/www.europesays.com\/fr\/wp-json\/wp\/v2\/categories?post=652542"},{"taxonomy":"post_tag","embeddable":true,"href":"https:\/\/www.europesays.com\/fr\/wp-json\/wp\/v2\/tags?post=652542"}],"curies":[{"name":"wp","href":"https:\/\/api.w.org\/{rel}","templated":true}]}}