{"id":652544,"date":"2026-01-09T21:15:18","date_gmt":"2026-01-09T21:15:18","guid":{"rendered":"https:\/\/www.europesays.com\/fr\/652544\/"},"modified":"2026-01-09T21:15:18","modified_gmt":"2026-01-09T21:15:18","slug":"rhone-un-ouvrier-agricole-decede-dune-crise-cardiaque-sur-un-barrage-pres-de-lyon","status":"publish","type":"post","link":"https:\/\/www.europesays.com\/fr\/652544\/","title":{"rendered":"Rh\u00f4ne : un ouvrier agricole d\u00e9c\u00e8de d&rsquo;une crise cardiaque sur un barrage pr\u00e8s de Lyon"},"content":{"rendered":"<ul class=\"jsx-862013697 ArticleChapo__List\">\n<li class=\"jsx-862013697 ArticleChapo__List_Item flex\">Un ouvrier agricole \u00e2g\u00e9 de 57 ans a fait un malaise cardiaque en pleine nuit lors d&rsquo;une action de blocage de la route M7, au sud de Lyon, \u00e0 l&rsquo;appel de la Coordination rurale.<\/li>\n<li class=\"jsx-862013697 ArticleChapo__List_Item flex\">Les secours se sont rendus sur place mais ne sont pas parvenus \u00e0 le r\u00e9animer, selon le syndicat et la pr\u00e9fecture.<\/li>\n<li class=\"jsx-862013697 ArticleChapo__List_Item flex\">Des agriculteurs se relaient jour et nuit sur ce point de blocage depuis lundi.<\/li>\n<\/ul>\n<p data-module=\"article-paragraph\" class=\"jsx-157965717 Paragraph\">Un drame en pleine mobilisation. Un ouvrier agricole est d\u00e9c\u00e9d\u00e9 d&rsquo;une crise cardiaque dans la nuit de jeudi 8 \u00e0 vendredi 9 janvier, alors qu&rsquo;il \u00e9tait venu soutenir des agriculteurs qui <a href=\"https:\/\/www.tf1info.fr\/societe\/video-paris-agriculteurs-crise-agricole-les-images-des-symboles-de-la-capitale-encercles-par-les-tracteurs-2417508.html\" target=\"_blank\" rel=\"noopener\">bloquent une route (nouvelle fen\u00eatre)<\/a> d&rsquo;acc\u00e8s \u00e0 Lyon, \u00e0 l&rsquo;appel du deuxi\u00e8me syndicat du secteur, la Coordination rurale, a-t-on appris de sources concordantes.<\/p>\n<p data-module=\"article-paragraph\" class=\"jsx-157965717 Paragraph Paragraph__End\">L&rsquo;ouvrier agricole, \u00e2g\u00e9 de 57 ans, a fait un malaise cardiaque en pleine nuit et n&rsquo;a pu \u00eatre ranim\u00e9 par les secours appel\u00e9s sur place, selon la Coordination rurale (CR) et la pr\u00e9fecture, confirmant une information <a href=\"https:\/\/www.bfmtv.com\/lyon\/info-bfm-lyon-colere-agricole-un-agriculteur-meurt-d-une-crise-cardiaque-sur-le-barrage-de-la-m7_AN-202601090471.html\" target=\"_blank\" rel=\"nofollow noopener\">de BFMTV (nouvelle fen\u00eatre)<\/a>. Selon la cha\u00eene, le quinquag\u00e9naire a \u00e9t\u00e9 pris de douleurs thoraciques vers 3h30, avant de faire un malaise.\u00a0<\/p>\n<p><a href=\"https:\/\/www.tf1info.fr\/politique\/pourquoi-le-gouvernement-n-arrive-pas-a-contenir-et-apaiser-la-colere-agricole-2417431.html\" rel=\"noopener\" class=\"jsx-3308031228 Link flex\" target=\"_blank\"><img decoding=\"async\" src=\"https:\/\/www.europesays.com\/fr\/wp-content\/uploads\/2026\/01\/lecornu-genevard-5-janvier-034390-0@1x.jpeg\" alt=\"La ministre de l'Agriculture Annie Genevard et le Premier ministre S\u00e9bastien Lecornu, le 5 janvier 2026 \u00e0 l'Elys\u00e9e\" loading=\"lazy\" importance=\"low\" fetchpriority=\"low\" class=\"\" aria-hidden=\"true\"\/><\/p>\n<p class=\"jsx-3657663356 ReadMoreArticle__Title\">Lire aussi<\/p>\n<p class=\"jsx-3657663356\">Pourquoi le gouvernement n&rsquo;arrive pas \u00e0 contenir et apaiser la col\u00e8re agricole ?<\/p>\n<p><\/a><\/p>\n<p data-module=\"article-paragraph\" class=\"jsx-157965717 Paragraph\">L&rsquo;homme \u00e9tait \u00ab\u00a0venu en soutien\u00a0\u00bb d&rsquo;une action men\u00e9e depuis lundi par une <a href=\"https:\/\/www.tf1info.fr\/politique\/crise-agricole-je-suis-la-pour-entendre-la-colere-yael-braun-pivet-chahutee-par-des-agriculteurs-devant-l-assemblee-2417427.html\" target=\"_blank\" rel=\"noopener\">cinquantaine d&rsquo;agriculteurs (nouvelle fen\u00eatre)<\/a> sur la route M7 au sud de Lyon, pr\u00e8s de la ville de Oullins-Pierre-B\u00e9nite (Rh\u00f4ne), a indiqu\u00e9 \u00e0 l&rsquo;AFP Laurence Chanove, animatrice r\u00e9gionale de la CR.\u00a0 Une mobilisation pour protester contre le trait\u00e9 de libre-\u00e9change UE-Mercosur, mais aussi la politique sanitaire du gouvernement, en pleine crise de dermatose nodulaire bovine.\u00a0<\/p>\n<p data-module=\"article-paragraph\" class=\"jsx-157965717 Paragraph Paragraph__End\">Les agriculteurs ont aussi annonc\u00e9 \u00e0 l&rsquo;AFP, vendredi peu avant 19 heures, la lev\u00e9e de leur point de blocage, o\u00f9 ils s&rsquo;\u00e9taient relay\u00e9s jour et nuit et pr\u00e8s duquel des d\u00e9viations avaient \u00e9t\u00e9 mises en place par les autorit\u00e9s. \u00ab\u00a0La route m\u00e9tropolitaine M7 est r\u00e9ouverte dans le sens Sud &#8211; Nord en direction de Lyon\u00a0\u00bb, a confirm\u00e9 en ce sens la pr\u00e9fecture du Rh\u00f4ne sur X.<\/p>\n<p>M.L. avec AFP<\/p>\n","protected":false},"excerpt":{"rendered":"Un ouvrier agricole \u00e2g\u00e9 de 57 ans a fait un malaise cardiaque en pleine nuit lors d&rsquo;une action&hellip;\n","protected":false},"author":2,"featured_media":652545,"comment_status":"","ping_status":"","sticky":false,"template":"","format":"standard","meta":{"footnotes":""},"categories":[1889],"tags":[1111,11,327,75611,1867,1921,2430,1777,674,1011,27,1922,2428,2088,12,25,3427,133,5642],"class_list":{"0":"post-652544","1":"post","2":"type-post","3":"status-publish","4":"format-standard","5":"has-post-thumbnail","7":"category-lyon","8":"tag-actu","9":"tag-actualites","10":"tag-agriculture","11":"tag-agriculture-sous-tension-la-colere-gronde-de-nouveau","12":"tag-animaux","13":"tag-article-video","14":"tag-auvergne-rhone-alpes","15":"tag-eu","16":"tag-europe","17":"tag-fr","18":"tag-france","19":"tag-info","20":"tag-lyon","21":"tag-manifestation","22":"tag-news","23":"tag-republique-francaise","24":"tag-syndicats","25":"tag-video","26":"tag-video-economie"},"share_on_mastodon":{"url":"https:\/\/pubeurope.com\/@fr\/115867216936144916","error":""},"_links":{"self":[{"href":"https:\/\/www.europesays.com\/fr\/wp-json\/wp\/v2\/posts\/652544","targetHints":{"allow":["GET"]}}],"collection":[{"href":"https:\/\/www.europesays.com\/fr\/wp-json\/wp\/v2\/posts"}],"about":[{"href":"https:\/\/www.europesays.com\/fr\/wp-json\/wp\/v2\/types\/post"}],"author":[{"embeddable":true,"href":"https:\/\/www.europesays.com\/fr\/wp-json\/wp\/v2\/users\/2"}],"replies":[{"embeddable":true,"href":"https:\/\/www.europesays.com\/fr\/wp-json\/wp\/v2\/comments?post=652544"}],"version-history":[{"count":0,"href":"https:\/\/www.europesays.com\/fr\/wp-json\/wp\/v2\/posts\/652544\/revisions"}],"wp:featuredmedia":[{"embeddable":true,"href":"https:\/\/www.europesays.com\/fr\/wp-json\/wp\/v2\/media\/652545"}],"wp:attachment":[{"href":"https:\/\/www.europesays.com\/fr\/wp-json\/wp\/v2\/media?parent=652544"}],"wp:term":[{"taxonomy":"category","embeddable":true,"href":"https:\/\/www.europesays.com\/fr\/wp-json\/wp\/v2\/categories?post=652544"},{"taxonomy":"post_tag","embeddable":true,"href":"https:\/\/www.europesays.com\/fr\/wp-json\/wp\/v2\/tags?post=652544"}],"curies":[{"name":"wp","href":"https:\/\/api.w.org\/{rel}","templated":true}]}}