{"id":652546,"date":"2026-01-09T21:17:09","date_gmt":"2026-01-09T21:17:09","guid":{"rendered":"https:\/\/www.europesays.com\/fr\/652546\/"},"modified":"2026-01-09T21:17:09","modified_gmt":"2026-01-09T21:17:09","slug":"tempete-goretti-en-ile-de-france-aucun-rer-d-ne-circulera-entre-corbeil-essonnes-et-melun-ce-week-end","status":"publish","type":"post","link":"https:\/\/www.europesays.com\/fr\/652546\/","title":{"rendered":"Temp\u00eate Goretti en \u00cele-de-France : aucun RER D ne circulera entre Corbeil-Essonnes et Melun ce week-end"},"content":{"rendered":"<p class=\"paragraph text_align_left lp-f-body-02\">Week-end noir en pr\u00e9vision pour les usagers du <a href=\"https:\/\/www.leparisien.fr\/info-paris-ile-de-france-oise\/transports\/rer-d\/\" target=\"_self\" rel=\"noopener\">RER D<\/a> en <a href=\"https:\/\/www.leparisien.fr\/essonne-91\/\" target=\"_self\" rel=\"noopener\">Essonne<\/a> et en <a href=\"https:\/\/www.leparisien.fr\/seine-et-marne-77\/\" target=\"_self\" rel=\"noopener\">Seine-et-Marne<\/a>. Jusqu\u2019\u00e0 mardi soir, aucun train ne circulera entre les gares de <a href=\"https:\/\/www.leparisien.fr\/essonne-91\/corbeil-essonnes-91100\/\" target=\"_self\" rel=\"noopener\">Corbeil-Essonnes<\/a> et <a href=\"https:\/\/www.leparisien.fr\/seine-et-marne-77\/melun-77000\/\" target=\"_self\" rel=\"noopener\">Melun<\/a>. En cause, la chute d\u2019un d\u2019arbre qui a \u00ab fortement endommag\u00e9 tout l\u2019\u00e9quipement cat\u00e9naire \u00bb, fait savoir SNCF R\u00e9seau.<\/p>\n<p class=\"\">Sur une photo, fournie par la compagnie ferroviaire, on peut en effet voir un arbre en travers des voies au niveau de la gare de Vosves, la derni\u00e8re avant Melun sur l\u2019axe Corbeil-Melun. Des poteaux sont affaiss\u00e9s et les c\u00e2bles se retrouvent au sol.<\/p>\n<p>Une reprise lundi matin, au mieux<\/p>\n<p class=\"\">Par cons\u00e9quent, la circulation a \u00e9t\u00e9 coup\u00e9e sur tout l\u2019axe et les huit gares habituellement desservies ne le sont plus jusqu\u2019\u00e0 dimanche soir \u00ab au moins, si ce n\u2019est lundi \u00bb, confie SNCF R\u00e9seau, qui \u00e9voque \u00ab des travaux tr\u00e8s lourds \u00bb. Ainsi, les gares Essonnes Robinson, Villab\u00e9, Le Plessis Chenet, Le Coudray-Montceaux, Saint-Fargeau, Ponthierry Pringy, Boissise-le-Roi et Vosges ne verront aucun train circuler ce week-end.<\/p>\n<p class=\"\">Ce vendredi soir, deux bus de substitution sont mis en place au d\u00e9part de Melun, ainsi que deux bus au d\u00e9part de Corbeil-Essonnes. Samedi et dimanche, Transilien SNCF Voyageurs indique avoir command\u00e9 des bus de remplacement, avec 1 bus par heure et par sens, mais ne pas encore avoir eu de retour des prestataires bus. <\/p>\n<p class=\"\">Ailleurs <a href=\"https:\/\/www.leparisien.fr\/info-paris-ile-de-france-oise\/\" target=\"_self\" rel=\"noopener\">en \u00cele-de-France<\/a>, la circulation du <a href=\"https:\/\/www.leparisien.fr\/info-paris-ile-de-france-oise\/transports\/rer-a\/\" target=\"_self\" rel=\"noopener\">RER A<\/a> reste compliqu\u00e9e sur toute la ligne depuis la chute d\u2019arbres \u00e0 Saint-Maur-Cr\u00e9teil <a href=\"https:\/\/www.leparisien.fr\/val-de-marne-94\/\" target=\"_self\" rel=\"noopener\">(Val-de-Marne)<\/a>, \u00e0 Champigny et \u00e0 Maisons-Laffitte <a href=\"https:\/\/www.leparisien.fr\/yvelines-78\/\" target=\"_self\" rel=\"noopener\">(Yvelines)<\/a>. <\/p>\n<p class=\"\">Sur le RER D, la circulation avait \u00e9t\u00e9 un temps coup\u00e9e entre Juvisy et Malesherbes, mais elle a pu reprendre progressivement en fin de matin\u00e9e, tout en \u00e9tant d\u00e9grad\u00e9e. Des suppressions restent \u00e0 pr\u00e9voir ce vendredi.<\/p>\n<p>Des difficult\u00e9s sur le r\u00e9seau Transilien et des tramways<\/p>\n<p class=\"\">C\u00f4t\u00e9 Transilien, le vent de cette nuit et de ce matin a conduit \u00e0 une panne d\u2019alimentation \u00e9lectrique \u00e0 Valmondois <a href=\"https:\/\/www.leparisien.fr\/val-d-oise-95\/\" target=\"_self\" rel=\"noopener\">(Val-d\u2019Oise)<\/a>. Ainsi, le trafic de la ligne H reste interrompu entre Pontoise et Persans Beaumont jusqu\u2019\u00e0 16h30. Sur la ligne P, le trafic est coup\u00e9 entre Paris Est et Provins jusqu\u2019\u00e0 16 heures.<\/p>\n<p class=\"\">C\u00f4t\u00e9 tramways, le T8 est interrompu entre Epinay-Orgemont et Delaunay-Belleville <a href=\"https:\/\/www.leparisien.fr\/seine-saint-denis-93\/\" target=\"_self\" rel=\"noopener\">(Seine-Saint-Denis)<\/a> apr\u00e8s une chute d\u2019arbre \u00e0 Villetaneuse. Le T14, en Seine-et-Marne, est lui \u00e0 l\u2019arr\u00eat sur toute la ligne jusqu\u2019\u00e0 14 heures \u00e0 la suite de la chute d\u2019un arbre sur une cat\u00e9naire.<\/p>\n<p class=\"\">Ferm\u00e9 jeudi soir, <a href=\"https:\/\/www.leparisien.fr\/val-de-marne-94\/tempete-goretti-face-aux-rafales-le-premier-telepherique-dile-de-france-devra-t-il-sarreter-08-01-2026-NEY4BL5DN5HL5HRBSE4UQVOEZ4.php\" target=\"_self\" rel=\"noopener\">le t\u00e9l\u00e9ph\u00e9rique C1 reliant Cr\u00e9teil \u00e0 Villeneuve-Saint-Georges<\/a> dans le Val-de-Marne, a \u00e9t\u00e9 remis en marche vendredi matin \u00ab avec une vitesse r\u00e9duite \u00bb, selon \u00cele-de-France Mobilit\u00e9s.<\/p>\n","protected":false},"excerpt":{"rendered":"Week-end noir en pr\u00e9vision pour les usagers du RER D en Essonne et en Seine-et-Marne. Jusqu\u2019\u00e0 mardi soir,&hellip;\n","protected":false},"author":2,"featured_media":652547,"comment_status":"","ping_status":"","sticky":false,"template":"","format":"standard","meta":{"footnotes":""},"categories":[1592],"tags":[1111,11,1777,674,1011,27,662,1944,12,626,25,2382],"class_list":{"0":"post-652546","1":"post","2":"type-post","3":"status-publish","4":"format-standard","5":"has-post-thumbnail","7":"category-ile-de-france","8":"tag-actu","9":"tag-actualites","10":"tag-eu","11":"tag-europe","12":"tag-fr","13":"tag-france","14":"tag-ile-de-france","15":"tag-ma-ville","16":"tag-news","17":"tag-paris","18":"tag-republique-francaise","19":"tag-transport-idf-oise"},"share_on_mastodon":{"url":"https:\/\/pubeurope.com\/@fr\/115867224777049326","error":""},"_links":{"self":[{"href":"https:\/\/www.europesays.com\/fr\/wp-json\/wp\/v2\/posts\/652546","targetHints":{"allow":["GET"]}}],"collection":[{"href":"https:\/\/www.europesays.com\/fr\/wp-json\/wp\/v2\/posts"}],"about":[{"href":"https:\/\/www.europesays.com\/fr\/wp-json\/wp\/v2\/types\/post"}],"author":[{"embeddable":true,"href":"https:\/\/www.europesays.com\/fr\/wp-json\/wp\/v2\/users\/2"}],"replies":[{"embeddable":true,"href":"https:\/\/www.europesays.com\/fr\/wp-json\/wp\/v2\/comments?post=652546"}],"version-history":[{"count":0,"href":"https:\/\/www.europesays.com\/fr\/wp-json\/wp\/v2\/posts\/652546\/revisions"}],"wp:featuredmedia":[{"embeddable":true,"href":"https:\/\/www.europesays.com\/fr\/wp-json\/wp\/v2\/media\/652547"}],"wp:attachment":[{"href":"https:\/\/www.europesays.com\/fr\/wp-json\/wp\/v2\/media?parent=652546"}],"wp:term":[{"taxonomy":"category","embeddable":true,"href":"https:\/\/www.europesays.com\/fr\/wp-json\/wp\/v2\/categories?post=652546"},{"taxonomy":"post_tag","embeddable":true,"href":"https:\/\/www.europesays.com\/fr\/wp-json\/wp\/v2\/tags?post=652546"}],"curies":[{"name":"wp","href":"https:\/\/api.w.org\/{rel}","templated":true}]}}