{"id":652550,"date":"2026-01-09T21:21:11","date_gmt":"2026-01-09T21:21:11","guid":{"rendered":"https:\/\/www.europesays.com\/fr\/652550\/"},"modified":"2026-01-09T21:21:11","modified_gmt":"2026-01-09T21:21:11","slug":"challenge-cup-stade-francais-exeter-les-clubs-franciliens-a-lhonneur-pour-la-fete-du-rugby","status":"publish","type":"post","link":"https:\/\/www.europesays.com\/fr\/652550\/","title":{"rendered":"Challenge Cup &#8211; Stade fran\u00e7ais \u2013 Exeter\u00a0: les clubs franciliens \u00e0 l\u2019honneur pour la f\u00eate du rugby"},"content":{"rendered":"<p>\n                La rencontre de la 3e journ\u00e9e de Challenge Cup entre le Stade fran\u00e7ais et Exeter ne sera pas seulement le th\u00e9\u00e2tre du choc europ\u00e9en entre le premier et le deuxi\u00e8me de cette poule 3. Elle sera \u00e9galement le point de ralliement du rugby amateur francilien. Et pour cause. Le Stade fran\u00e7ais organise \u00e0 cette occasion la 5\u1d49 \u00e9dition de la F\u00eate du Rugby, en collaboration avec la Ligue \u00cele-de-France de Rugby. Explications.\n            <\/p>\n<p>La f\u00eate du rugby, c\u2019est samedi au stade Jean-Bouin. Pour cette rencontre face \u00e0 Exeter, troisi\u00e8me journ\u00e9e de Challenge Cup, pr\u00e8s de 70 clubs de la r\u00e9gion \u00cele-de-France ont r\u00e9pondu pr\u00e9sents \u00e0 l\u2019invitation du Stade fran\u00e7ais qui a offert 50 invitations \u00e0 chacun d\u2019entre eux et la possibilit\u00e9 d\u2019acheter des billets suppl\u00e9mentaires pour la modique somme de 12\u00a0euros. Au total, ce sont pr\u00e8s de 4\u00a0000 licenci\u00e9s qui sont donc attendus \u00e0 Jean-Bouin pour vivre une journ\u00e9e plac\u00e9e sous le signe du partage et de la passion du ballon ovale. Une affluence qui illustre l\u2019attachement des clubs franciliens \u00e0 cet \u00e9v\u00e9nement f\u00e9d\u00e9rateur, v\u00e9ritable trait d\u2019union entre le rugby amateur et le haut niveau. D\u00e9sormais, ce rendez-vous est inscrit dans le calendrier rugbystique.<\/p>\n<p>La F\u00eate du Rugby ne se limitera donc pas \u00e0 la rencontre sur la pelouse. Tout au long de la journ\u00e9e, les clubs seront mis \u00e0 l\u2019honneur \u00e0 travers une s\u00e9rie d\u2019animations. Avant le coup d\u2019envoi, 22 clubs seront repr\u00e9sent\u00e9s pour former une haie d\u2019honneur, moment symbolique fort pour les joueurs professionnels comme pour les jeunes licenci\u00e9s pr\u00e9sents. \u00c0 la mi-temps, 17 clubs participeront \u00e0 un concours de p\u00e9nalit\u00e9, offrant au public un temps fort suppl\u00e9mentaire, \u00e0 la fois ludique et spectaculaire.<\/p>\n<p>En tribunes, l\u2019ensemble des clubs pr\u00e9sents b\u00e9n\u00e9ficiera \u00e9galement d\u2019une mise en lumi\u00e8re par le speaker et la cam\u00e9ra de l\u2019\u00e9cran g\u00e9ant, tandis que les animations rugby habituelles prendront place dans les coursives du stade. Un Espace Kids sera \u00e9galement accessible, permettant aux plus jeunes de profiter pleinement de cette journ\u00e9e festive.<\/p>\n<p>Lombard\u00a0: \u00ab\u00a0Une v\u00e9ritable\u00a0r\u00e9ussite populaire\u00a0\u00bb<\/p>\n<p>Cette 5\u1d49 \u00e9dition se d\u00e9roulera en pr\u00e9sence de Thierry Alliesse, Pr\u00e9sident de la Ligue \u00cele-de-France de Rugby, et d\u2019Anne Sampermans, Pr\u00e9sidente du Comit\u00e9 D\u00e9partemental de Rugby de Paris, soulignant l\u2019importance de cette initiative pour le d\u00e9veloppement et la valorisation du rugby r\u00e9gional. Le Directeur G\u00e9n\u00e9ral du Stade fran\u00e7ais Thomas Lombard se dit heureux de pouvoir faire partager cet instant de joie\u00a0: \u00ab\u00a0Les derni\u00e8res \u00e9ditions ont \u00e9t\u00e9 une v\u00e9ritable r\u00e9ussite populaire. Voil\u00e0 pourquoi nous sommes engag\u00e9s \u00e0 tendre la main \u00e0 tous les clubs franciliens et pas seulement nos clubs partenaires. Nous esp\u00e9rons que tous pourront vivre pleinement l\u2019\u00e9v\u00e9nement.\u00a0\u00bb Et peut-\u00eatre une victoire parisienne sur les Anglais d\u2019Exeter, synonyme probablement de qualification pour la phase finale de la comp\u00e9tition.<\/p>\n<p>Plus qu\u2019un simple \u00e9v\u00e9nement annexe, la F\u00eate du Rugby s\u2019impose comme un temps fort de la saison francilienne, o\u00f9 l\u2019ensemble du rugby r\u00e9gional se retrouve autour d\u2019un m\u00eame maillot et des m\u00eames valeurs. Samedi, \u00e0 Jean-Bouin, le rugby ne se jouera pas seulement sur le terrain\u00a0: il se vivra aussi en tribunes.<\/p>\n","protected":false},"excerpt":{"rendered":"La rencontre de la 3e journ\u00e9e de Challenge Cup entre le Stade fran\u00e7ais et Exeter ne sera pas&hellip;\n","protected":false},"author":2,"featured_media":652551,"comment_status":"","ping_status":"","sticky":false,"template":"","format":"standard","meta":{"footnotes":""},"categories":[1888],"tags":[1111,1928,11,1927,1777,674,1011,27,12,1926,626,1925,25,74788],"class_list":{"0":"post-652550","1":"post","2":"type-post","3":"status-publish","4":"format-standard","5":"has-post-thumbnail","7":"category-paris","8":"tag-actu","9":"tag-actu-paris","10":"tag-actualites","11":"tag-actualites-paris","12":"tag-eu","13":"tag-europe","14":"tag-fr","15":"tag-france","16":"tag-news","17":"tag-news-paris","18":"tag-paris","19":"tag-paris-news","20":"tag-republique-francaise","21":"tag-stade-francais-paris"},"share_on_mastodon":{"url":"https:\/\/pubeurope.com\/@fr\/115867240685355697","error":""},"_links":{"self":[{"href":"https:\/\/www.europesays.com\/fr\/wp-json\/wp\/v2\/posts\/652550","targetHints":{"allow":["GET"]}}],"collection":[{"href":"https:\/\/www.europesays.com\/fr\/wp-json\/wp\/v2\/posts"}],"about":[{"href":"https:\/\/www.europesays.com\/fr\/wp-json\/wp\/v2\/types\/post"}],"author":[{"embeddable":true,"href":"https:\/\/www.europesays.com\/fr\/wp-json\/wp\/v2\/users\/2"}],"replies":[{"embeddable":true,"href":"https:\/\/www.europesays.com\/fr\/wp-json\/wp\/v2\/comments?post=652550"}],"version-history":[{"count":0,"href":"https:\/\/www.europesays.com\/fr\/wp-json\/wp\/v2\/posts\/652550\/revisions"}],"wp:featuredmedia":[{"embeddable":true,"href":"https:\/\/www.europesays.com\/fr\/wp-json\/wp\/v2\/media\/652551"}],"wp:attachment":[{"href":"https:\/\/www.europesays.com\/fr\/wp-json\/wp\/v2\/media?parent=652550"}],"wp:term":[{"taxonomy":"category","embeddable":true,"href":"https:\/\/www.europesays.com\/fr\/wp-json\/wp\/v2\/categories?post=652550"},{"taxonomy":"post_tag","embeddable":true,"href":"https:\/\/www.europesays.com\/fr\/wp-json\/wp\/v2\/tags?post=652550"}],"curies":[{"name":"wp","href":"https:\/\/api.w.org\/{rel}","templated":true}]}}