{"id":652552,"date":"2026-01-09T21:22:15","date_gmt":"2026-01-09T21:22:15","guid":{"rendered":"https:\/\/www.europesays.com\/fr\/652552\/"},"modified":"2026-01-09T21:22:15","modified_gmt":"2026-01-09T21:22:15","slug":"paris-cette-annee-de-nouveau-au-coeur-du-design-international","status":"publish","type":"post","link":"https:\/\/www.europesays.com\/fr\/652552\/","title":{"rendered":"Paris cette ann\u00e9e de nouveau au c\u0153ur du design international"},"content":{"rendered":"<p><strong>Chaque mois de janvier, Paris devient la capitale mondiale du design, de la d\u00e9coration et de l\u2019art de vivre. Le salon Maison &amp; Objet s\u2019impose comme le rendez-vous incontournable pour les professionnels du secteur. Cr\u00e9ateurs, \u00e9diteurs, architectes, d\u00e9corateurs et marques s\u2019y retrouvent pour d\u00e9crypter les tendances \u00e0 venir et fa\u00e7onner les usages de demain.<\/strong><\/p>\n<p>Cette nouvelle \u00e9dition de<a href=\"https:\/\/www.parisselectbook.com\/2026\/01\/02\/expositions-gratuites-a-paris-et-en-ile-de-france-en-janvier-2026-les-incontournables-a-voir\/\" target=\"_blank\" rel=\"noopener\"> janvier<\/a> confirme le r\u00f4le central de Maison &amp; Objet dans l\u2019\u00e9cosyst\u00e8me cr\u00e9atif international. Le salon ne se contente plus de pr\u00e9senter des objets. Il raconte des histoires, interroge les savoir-faire et dessine de nouvelles perspectives pour le design contemporain. L\u2019exp\u00e9rience se veut immersive, inspirante et r\u00e9solument tourn\u00e9e vers l\u2019avenir.<\/p>\n<p><strong>Une \u00e9dition plac\u00e9e sous le signe du sens et de la transmission<\/strong><\/p>\n<p><img loading=\"lazy\" decoding=\"async\" width=\"603\" height=\"339\" src=\"data:image\/svg+xml,%3Csvg%20xmlns=\" http:=\"\" alt=\"\" class=\"wp-image-204571\" style=\"width:840px;height:auto\" data-lazy- data-lazy- data-lazy-src=\"https:\/\/www.europesays.com\/fr\/wp-content\/uploads\/2026\/01\/2e9df7c15814a63dec2765c5b28939f3-edited.jpg\"\/><\/p>\n<p>Le th\u00e8me de cette \u00e9dition de janvier met en lumi\u00e8re<strong> un dialogue fort entre pass\u00e9 et futur<\/strong>. Le design s\u2019y exprime comme un langage vivant. Les formes anciennes, les techniques artisanales et les h\u00e9ritages culturels deviennent des leviers d\u2019innovation. Chaque pi\u00e8ce pr\u00e9sent\u00e9e semble porter une m\u00e9moire, tout en r\u00e9pondant aux enjeux actuels.<br \/>Les <a href=\"https:\/\/www.maison-objet.com\/paris\/les-exposants\" target=\"_blank\" rel=\"noreferrer noopener\">exposants<\/a> explorent des mat\u00e9riaux durables, des gestes pr\u00e9cis et des lignes intemporelles. Le salon valorise un design plus conscient, plus \u00e9motionnel et plus engag\u00e9. Ici, l\u2019objet n\u2019est jamais gratuit. Il a une fonction, une histoire et une intention claire. Cette approche s\u00e9duit autant les prescripteurs que les marques en qu\u00eate de sens.<\/p>\n<p><strong>Un parcours de visite structur\u00e9 et inspirant<\/strong><\/p>\n<p><img loading=\"lazy\" decoding=\"async\" width=\"541\" height=\"304\" src=\"data:image\/svg+xml,%3Csvg%20xmlns=\" http:=\"\" alt=\"\" class=\"wp-image-204575\" style=\"width:840px;height:auto\" data-lazy- data-lazy- data-lazy-src=\"https:\/\/www.europesays.com\/fr\/wp-content\/uploads\/2026\/01\/7a0e30a72edeecc9d4fd8b1005450ce6-edited.jpg\"\/><\/p>\n<p><strong>Maison &amp; Objet<\/strong> se distingue par une organisation pens\u00e9e pour faciliter la d\u00e9couverte. Le salon est divis\u00e9 en grands univers th\u00e9matiques. Chaque secteur permet d\u2019explorer une facette du design et de l\u2019art de vivre. On y retrouve des espaces d\u00e9di\u00e9s aux grandes signatures internationales, aux projets d\u2019architecture et \u00e0 l\u2019\u00e9dition contemporaine. Le mobilier, la d\u00e9coration, la lumi\u00e8re et les objets y occupent une place centrale. Les m\u00e9tiers d\u2019art et l\u2019artisanat d\u2019exception sont \u00e9galement mis en avant, soulignant l\u2019importance du geste et de la mati\u00e8re.<br \/>D\u2019autres univers compl\u00e8tent la visite. Ils explorent le bien-\u00eatre, la fragrance, le cadeau, la mode et les accessoires. Cette diversit\u00e9 refl\u00e8te l\u2019\u00e9volution du design, d\u00e9sormais pr\u00e9sent dans tous les aspects du quotidien.<\/p>\n<p><strong>Maison &amp; Objet In The City : le design investit Paris<\/strong><\/p>\n<p><img loading=\"lazy\" decoding=\"async\" width=\"1396\" height=\"786\" src=\"data:image\/svg+xml,%3Csvg%20xmlns=\" http:=\"\" alt=\"\" class=\"wp-image-204581\" data-lazy- data-lazy- data-lazy-src=\"https:\/\/www.europesays.com\/fr\/wp-content\/uploads\/2026\/01\/Capture-decran-2026-01-09-a-19.03.50-edited.png\"\/><\/p>\n<p>En parall\u00e8le du salon, <strong>Maison &amp; Objet<\/strong> s\u2019\u00e9tend au-del\u00e0 des halls d\u2019exposition avec le parcours<strong> In The City. <\/strong>Pendant plusieurs jours, Paris devient un terrain d\u2019expression pour le design contemporain. Showrooms, galeries, h\u00f4tels et lieux cr\u00e9atifs ouvrent leurs portes aux professionnels.<br \/>Ce parcours permet de d\u00e9couvrir des collections exclusives et des installations in\u00e9dites. Il favorise les rencontres, les \u00e9changes et les collaborations. C\u2019est une immersion au c\u0153ur du design parisien, dans des lieux souvent confidentiels. Une autre mani\u00e8re de vivre le salon, plus urbaine et plus intime.<\/p>\n<p><strong>Pourquoi Maison &amp; Objet reste un salon incontournable<\/strong> ?<\/p>\n<p><img loading=\"lazy\" decoding=\"async\" width=\"450\" height=\"253\" src=\"data:image\/svg+xml,%3Csvg%20xmlns=\" http:=\"\" alt=\"\" class=\"wp-image-204585\" style=\"width:840px;height:auto\" data-lazy- data-lazy- data-lazy-src=\"https:\/\/www.europesays.com\/fr\/wp-content\/uploads\/2026\/01\/836bd8fba623b2200c43a8fe21cf0367-edited.jpg\"\/><\/p>\n<p>Maison &amp; Objet ne se limite pas \u00e0 une vitrine commerciale. C\u2019est un observatoire des tendances, un laboratoire d\u2019id\u00e9es et un acc\u00e9l\u00e9rateur de talents. Les conf\u00e9rences, talks et installations enrichissent l\u2019exp\u00e9rience. Elles offrent des cl\u00e9s de lecture sur les \u00e9volutions du march\u00e9 et les attentes des consommateurs.Le salon r\u00e9v\u00e8le aussi les cr\u00e9ateurs de demain. S\u00e9lections, prix et mises en avant rythment le parcours. Chaque \u00e9dition confirme la capacit\u00e9 de Maison &amp; Objet \u00e0 anticiper les mutations du design et de l\u2019art de vivre.<\/p>\n<p><strong>Informations pratiques  <a href=\"https:\/\/www.maison-objet.com\/paris\" target=\"_blank\" rel=\"noreferrer noopener\">Maison &amp; Objet<\/a> janvier<\/strong><\/p>\n<p><strong>Dates<\/strong><br \/>Du jeudi 15 au lundi 19 janvier<\/p>\n<p><strong>Lieu<\/strong><br \/>Parc des Expositions Paris Nord Villepinte<\/p>\n<p><strong>Horaires<\/strong><br \/>Jeudi \u00e0 dimanche : 9h30 \u2013 18h30<br \/>Lundi : 9h30 \u2013 18h00<\/p>\n<p><strong>Acc\u00e8s<\/strong><br \/>\u2013 RER B direction A\u00e9roport Charles-de-Gaulle, arr\u00eat Parc des Expositions<br \/>\u2013 Navettes gratuites depuis Paris Porte Maillot et l\u2019a\u00e9roport Charles-de-Gaulle<br \/>\u2013 Acc\u00e8s direct en voiture via l\u2019autoroute A1, parkings sur place<br \/>Salon r\u00e9serv\u00e9 aux professionnels<br \/>Badge obligatoire, \u00e0 acheter en ligne avant la visite<\/p>\n<p><strong><a href=\"https:\/\/www.maison-objet.com\/paris\/visiter\/maison-objet-in-the-city\" target=\"_blank\" rel=\"noreferrer noopener\">Maison &amp; Objet In The City<\/a><\/strong><br \/>Du mercredi 14 au lundi 19 janvier<br \/>Parcours professionnel dans Paris, sur inscription<\/p>\n","protected":false},"excerpt":{"rendered":"Chaque mois de janvier, Paris devient la capitale mondiale du design, de la d\u00e9coration et de l\u2019art de&hellip;\n","protected":false},"author":2,"featured_media":652553,"comment_status":"","ping_status":"","sticky":false,"template":"","format":"standard","meta":{"footnotes":""},"categories":[1888],"tags":[11,1777,674,1011,27,12,626,25],"class_list":{"0":"post-652552","1":"post","2":"type-post","3":"status-publish","4":"format-standard","5":"has-post-thumbnail","7":"category-paris","8":"tag-actualites","9":"tag-eu","10":"tag-europe","11":"tag-fr","12":"tag-france","13":"tag-news","14":"tag-paris","15":"tag-republique-francaise"},"share_on_mastodon":{"url":"https:\/\/pubeurope.com\/@fr\/115867244529980227","error":""},"_links":{"self":[{"href":"https:\/\/www.europesays.com\/fr\/wp-json\/wp\/v2\/posts\/652552","targetHints":{"allow":["GET"]}}],"collection":[{"href":"https:\/\/www.europesays.com\/fr\/wp-json\/wp\/v2\/posts"}],"about":[{"href":"https:\/\/www.europesays.com\/fr\/wp-json\/wp\/v2\/types\/post"}],"author":[{"embeddable":true,"href":"https:\/\/www.europesays.com\/fr\/wp-json\/wp\/v2\/users\/2"}],"replies":[{"embeddable":true,"href":"https:\/\/www.europesays.com\/fr\/wp-json\/wp\/v2\/comments?post=652552"}],"version-history":[{"count":0,"href":"https:\/\/www.europesays.com\/fr\/wp-json\/wp\/v2\/posts\/652552\/revisions"}],"wp:featuredmedia":[{"embeddable":true,"href":"https:\/\/www.europesays.com\/fr\/wp-json\/wp\/v2\/media\/652553"}],"wp:attachment":[{"href":"https:\/\/www.europesays.com\/fr\/wp-json\/wp\/v2\/media?parent=652552"}],"wp:term":[{"taxonomy":"category","embeddable":true,"href":"https:\/\/www.europesays.com\/fr\/wp-json\/wp\/v2\/categories?post=652552"},{"taxonomy":"post_tag","embeddable":true,"href":"https:\/\/www.europesays.com\/fr\/wp-json\/wp\/v2\/tags?post=652552"}],"curies":[{"name":"wp","href":"https:\/\/api.w.org\/{rel}","templated":true}]}}