{"id":652556,"date":"2026-01-09T21:24:21","date_gmt":"2026-01-09T21:24:21","guid":{"rendered":"https:\/\/www.europesays.com\/fr\/652556\/"},"modified":"2026-01-09T21:24:21","modified_gmt":"2026-01-09T21:24:21","slug":"la-moitie-de-kiev-privee-de-chauffage-apres-des-frappes-russes-le-maire-klitschko-appelle-a-evacuer-moscou-a-lance-un-missile-hypersonique-orechnik","status":"publish","type":"post","link":"https:\/\/www.europesays.com\/fr\/652556\/","title":{"rendered":"La moiti\u00e9 de Kiev priv\u00e9e de chauffage apr\u00e8s des frappes russes, le maire Klitschko appelle \u00e0 \u00e9vacuer; Moscou a lanc\u00e9 un missile hypersonique Orechnik"},"content":{"rendered":"<p>Des frappes russes massives ont fait au moins quatre morts et priv\u00e9 de chauffage la moiti\u00e9 des immeubles r\u00e9sidentiels de Kiev, poussant le maire \u00e0 appeler vendredi les habitants \u00e0 \u00e9vacuer \u00ab\u00a0temporairement\u00a0\u00bb la capitale ukrainienne.<\/p>\n<p>Cette nouvelle nuit de bombardements a vu l\u2019utilisation, pour la deuxi\u00e8me fois depuis le d\u00e9but de la guerre, du missile balistique russe de derni\u00e8re g\u00e9n\u00e9ration Orechnik, dans l\u2019ouest de l\u2019Ukraine. L\u2019UE, Paris, Berlin et Londres ont vu une \u00ab\u00a0escalade\u00a0\u00bb de la part de Moscou dans l\u2019utilisation de ce missile \u00e0 port\u00e9e interm\u00e9diaire capable d\u2019emporter des ogives nucl\u00e9aires.<\/p>\n<p>Moscou continue de pilonner l\u2019Ukraine au lendemain de son rejet du plan europ\u00e9en de d\u00e9ploiement d\u2019une force multinationale en Ukraine apr\u00e8s une \u00e9ventuelle fin du conflit, dont la perspective s\u2019\u00e9loigne.<\/p>\n<p>Des journalistes de l\u2019AFP \u00e0 Kiev ont vu des habitants se pr\u00e9cipiter dans des abris apr\u00e8s le d\u00e9clenchement d\u2019une alerte antia\u00e9rienne dans la nuit de jeudi \u00e0 vendredi, et ont entendu des drones exploser contre des immeubles.<\/p>\n<p>Le pr\u00e9sident ukrainien, <a href=\"https:\/\/www.ledevoir.com\/volodymyr-zelensky\" target=\"_blank\" rel=\"noopener\">Volodymyr Zelensky<\/a>, a r\u00e9clam\u00e9 une \u00ab\u00a0r\u00e9action claire\u00a0\u00bb de la communaut\u00e9 internationale apr\u00e8s une attaque en pleine vague de froid, qui a touch\u00e9 une quarantaine de sites \u00e0 Kiev, dont 20 immeubles r\u00e9sidentiels et l\u2019ambassade du Qatar.<\/p>\n<p>Le parquet ukrainien a fait \u00e9tat de quatre morts et 26 bless\u00e9s.<\/p>\n<p>\u00ab\u00a0La moiti\u00e9 des immeubles d\u2019habitation \u00e0 Kiev \u2014 pr\u00e8s de 6000 \u2014 sont actuellement priv\u00e9s de chauffage\u00a0\u00bb, s\u2019est alarm\u00e9 le maire de la ville Vitaly Klitschko, qui a appel\u00e9 ceux qui le peuvent \u00e0 quitter \u00ab\u00a0temporairement\u00a0\u00bb Kiev.<\/p>\n<p>Les journalistes de l\u2019AFP n\u2019ont pas constat\u00e9 d\u2019affluence massive aux gares routi\u00e8res et ferroviaires.<\/p>\n<p>Les services ukrainiens \u00e9taient \u00e0 l\u2019oeuvre vendredi par des temp\u00e9ratures oscillant entre -7\u00b0 et -12\u00b0 pour r\u00e9tablir au plus vite le chauffage dans la capitale, coup\u00e9 pour 417\u00a0000 foyers selon l\u2019op\u00e9rateur \u00e9lectrique priv\u00e9 DTEK.<\/p>\n<p>Les r\u00e9parations devraient s\u2019achever dans la journ\u00e9e pour une partie des zones touch\u00e9es, mais pourraient prendre plus longtemps l\u00e0 o\u00f9 les d\u00e9g\u00e2ts sont \u00ab\u00a0plus complexes\u00a0\u00bb, a indiqu\u00e9 le vice-premier ministre Oleksi\u00ef Kouleba.<\/p>\n<p> \u00ab\u00a0O\u00f9 est l\u2019Am\u00e9rique\u00a0?\u00a0\u00bb<\/p>\n<p>Nina, 70\u00a0ans, qui vit dans l\u2019un des immeubles touch\u00e9s, s\u2019est dite en col\u00e8re que le monde parle d\u2019un possible accord pour mettre fin au conflit au moment o\u00f9 la Russie bombarde. \u00ab\u00a0O\u00f9 est l\u2019Europe, o\u00f9 est l\u2019Am\u00e9rique\u00a0?\u00a0\u00bb a-t-elle lanc\u00e9, interrog\u00e9e par l\u2019AFP.<\/p>\n<p>Moscou a indiqu\u00e9 avoir frapp\u00e9 des \u00ab\u00a0cibles strat\u00e9giques\u00a0\u00bb en Ukraine, notamment avec son missile Orechnik, qui peut porter une charge nucl\u00e9aire et atteindre une vitesse d\u2019environ 13\u00a0000 km\u00a0\/\u00a0h.<\/p>\n<p>Selon le minist\u00e8re russe de la D\u00e9fense, ces attaques ont \u00e9t\u00e9 men\u00e9es \u00ab\u00a0en r\u00e9ponse\u00a0\u00bb \u00e0 une tentative ukrainienne de frapper une r\u00e9sidence de <a href=\"https:\/\/www.ledevoir.com\/vladimir-poutine\" target=\"_blank\" rel=\"noopener\">Vladimir Poutine<\/a> fin d\u00e9cembre, des accusations que l\u2019Ukraine et les Occidentaux qualifient de \u00ab\u00a0mensonge\u00a0\u00bb.<\/p>\n<p>Le service ukrainien de s\u00e9curit\u00e9 (SBU) a publi\u00e9 des images de d\u00e9bris pr\u00e9sent\u00e9s comme ceux du missile Orechnik utilis\u00e9 par Moscou pour frapper la r\u00e9gion de Lviv (ouest). Il n\u2019a pas pr\u00e9cis\u00e9 quelles cibles avaient \u00e9t\u00e9 vis\u00e9es par l\u2019engin ni l\u2019ampleur des d\u00e9g\u00e2ts.<\/p>\n<p>\u00ab\u00a0Une telle attaque \u00e0 proximit\u00e9 de la fronti\u00e8re de l\u2019Union europ\u00e9enne et de l\u2019<a href=\"https:\/\/www.ledevoir.com\/otan\" target=\"_blank\" rel=\"noopener\">OTAN<\/a> repr\u00e9sente une menace grave pour la s\u00e9curit\u00e9 du continent europ\u00e9en et un test pour l\u2019alliance transatlantique\u00a0\u00bb, a estim\u00e9 le ministre ukrainien des Affaires \u00e9trang\u00e8res Andri\u00ef Sybiga.<\/p>\n<p>Les dirigeants fran\u00e7ais, allemand et britannique <a href=\"https:\/\/www.ledevoir.com\/emmanuel-macron\" target=\"_blank\" rel=\"noopener\">Emmanuel Macron<\/a>, Friedrich Merz et Keir Starmer ont d\u00e9nonc\u00e9 les attaques \u00ab\u00a0continues\u00a0\u00bb de la Russie, \u00ab\u00a0y compris l\u2019utilisation d\u2019un missile balistique de port\u00e9e interm\u00e9diaire Orechnik dans l\u2019ouest de l\u2019Ukraine\u00a0\u00bb, qui repr\u00e9sentent \u00ab\u00a0une escalade et sont inacceptables\u00a0\u00bb, lors d\u2019un \u00e9change t\u00e9l\u00e9phonique vendredi.<\/p>\n<p>La cheffe de la diplomatie de l\u2019UE Kaja Kallas a estim\u00e9 de son c\u00f4t\u00e9 que ce tir d\u00e9montre que Vladimir Poutine \u00ab\u00a0ne veut pas la paix\u00a0\u00bb.<\/p>\n<p>Le missile Orechnik, qui ne portait pas d\u2019ogive nucl\u00e9aire lors de ces tirs, a \u00e9t\u00e9 utilis\u00e9 pour la premi\u00e8re fois en 2024 contre une usine militaire situ\u00e9e dans la ville de Dnipro, dans le centre-est de l\u2019Ukraine.<\/p>\n<p>Il a \u00e9t\u00e9 d\u00e9ploy\u00e9 mi-d\u00e9cembre au B\u00e9larus, pays alli\u00e9 de la Russie situ\u00e9 aux portes de l\u2019UE, avait annonc\u00e9 alors son pr\u00e9sident Alexandre Loukachenko.<\/p>\n<p> \u00ab\u00a0Cibles l\u00e9gitimes\u00a0\u00bb<\/p>\n<p>Pr\u00e8s de quatre ans apr\u00e8s le lancement de l\u2019offensive \u00e0 grande \u00e9chelle du Kremlin, Moscou continue de bombarder l\u2019Ukraine quasi-quotidiennement, ciblant notamment les infrastructures \u00e9nerg\u00e9tiques et portuaires.<\/p>\n<p>Kiev a accus\u00e9 Moscou vendredi d\u2019avoir frapp\u00e9 avec des drones deux cargos naviguant en mer Noire, causant la mort d\u2019un marin de nationalit\u00e9 syrienne, apr\u00e8s plusieurs attaques similaires ces derni\u00e8res semaines.<\/p>\n<p>En r\u00e9ponse, l\u2019Ukraine vise \u00e9galement les infrastructures \u00e9nerg\u00e9tiques russes.<\/p>\n<p>Quelque 556\u00a0000 personnes ont ainsi \u00e9t\u00e9 priv\u00e9es vendredi matin de courant et de chauffage dans la r\u00e9gion russe de Belgorod, frontali\u00e8re de l\u2019Ukraine, selon le gouverneur local, Viatcheslav Gladkov.<\/p>\n<p>Ces nouvelles frappes interviennent alors que les discussions diplomatiques impuls\u00e9es par le pr\u00e9sident am\u00e9ricain <a href=\"https:\/\/www.ledevoir.com\/donald-trump\" target=\"_blank\" rel=\"noopener\">Donald Trump<\/a> ces derniers mois sur ce conflit semblent dans l\u2019impasse.<\/p>\n<p>La Russie a rejet\u00e9 le plan de d\u00e9ployer des milliers de soldats en Ukraine apr\u00e8s la guerre, pr\u00e9sent\u00e9 par la \u00ab\u00a0Coalition des volontaires\u00a0\u00bb qui r\u00e9unit des pays alli\u00e9s de Kiev essentiellement europ\u00e9ens, Moscou rappelant que toutes troupes et installations militaires constitueraient des \u00ab\u00a0cibles l\u00e9gitimes\u00a0\u00bb pour l\u2019arm\u00e9e russe.<\/p>\n","protected":false},"excerpt":{"rendered":"Des frappes russes massives ont fait au moins quatre morts et priv\u00e9 de chauffage la moiti\u00e9 des immeubles&hellip;\n","protected":false},"author":2,"featured_media":652557,"comment_status":"","ping_status":"","sticky":false,"template":"","format":"standard","meta":{"footnotes":""},"categories":[1591],"tags":[11,1887,12,1885,1886,132],"class_list":{"0":"post-652556","1":"post","2":"type-post","3":"status-publish","4":"format-standard","5":"has-post-thumbnail","7":"category-russie","8":"tag-actualites","9":"tag-federation-de-russie","10":"tag-news","11":"tag-russia","12":"tag-russian-federation","13":"tag-russie"},"share_on_mastodon":{"url":"https:\/\/pubeurope.com\/@fr\/115867252419077760","error":""},"_links":{"self":[{"href":"https:\/\/www.europesays.com\/fr\/wp-json\/wp\/v2\/posts\/652556","targetHints":{"allow":["GET"]}}],"collection":[{"href":"https:\/\/www.europesays.com\/fr\/wp-json\/wp\/v2\/posts"}],"about":[{"href":"https:\/\/www.europesays.com\/fr\/wp-json\/wp\/v2\/types\/post"}],"author":[{"embeddable":true,"href":"https:\/\/www.europesays.com\/fr\/wp-json\/wp\/v2\/users\/2"}],"replies":[{"embeddable":true,"href":"https:\/\/www.europesays.com\/fr\/wp-json\/wp\/v2\/comments?post=652556"}],"version-history":[{"count":0,"href":"https:\/\/www.europesays.com\/fr\/wp-json\/wp\/v2\/posts\/652556\/revisions"}],"wp:featuredmedia":[{"embeddable":true,"href":"https:\/\/www.europesays.com\/fr\/wp-json\/wp\/v2\/media\/652557"}],"wp:attachment":[{"href":"https:\/\/www.europesays.com\/fr\/wp-json\/wp\/v2\/media?parent=652556"}],"wp:term":[{"taxonomy":"category","embeddable":true,"href":"https:\/\/www.europesays.com\/fr\/wp-json\/wp\/v2\/categories?post=652556"},{"taxonomy":"post_tag","embeddable":true,"href":"https:\/\/www.europesays.com\/fr\/wp-json\/wp\/v2\/tags?post=652556"}],"curies":[{"name":"wp","href":"https:\/\/api.w.org\/{rel}","templated":true}]}}